{"id":17770,"date":"2025-11-25T11:40:28","date_gmt":"2025-11-25T14:40:28","guid":{"rendered":"https:\/\/www.confere.org.br\/wordpress\/?p=17770"},"modified":"2025-11-25T11:40:29","modified_gmt":"2025-11-25T14:40:29","slug":"2o-forum-conexao-da-representacao-comercial-destacou-temas-como-inteligencia-artificial-e-novas-tecnologias-para-vendas","status":"publish","type":"post","link":"https:\/\/www.confere.org.br\/wordpress\/2o-forum-conexao-da-representacao-comercial-destacou-temas-como-inteligencia-artificial-e-novas-tecnologias-para-vendas\/","title":{"rendered":"2\u00ba F\u00f3rum Conex\u00e3o da Representa\u00e7\u00e3o Comercial destacou temas como Intelig\u00eancia Artificial e Novas Tecnologias para Vendas"},"content":{"rendered":"\n<p>O Core-CE e o Sirecom-CE realizaram, no dia <strong>18 de novembro<\/strong>, no Audit\u00f3rio do Sebrae Cear\u00e1, a segunda edi\u00e7\u00e3o do F\u00f3rum Conex\u00e3o da Representa\u00e7\u00e3o Comercial.<\/p>\n<p>Com o apoio do Confere, do Sebrae Cear\u00e1 e da Versa Educa\u00e7\u00e3o, o evento teve como prop\u00f3sito fortalecer o setor, promover integra\u00e7\u00e3o e impulsionar o desenvolvimento dos representantes comerciais em todo o estado.<\/p>\n<p>Em sua segunda edi\u00e7\u00e3o, o F\u00f3rum toruxe uma programa\u00e7\u00e3o voltada para inova\u00e7\u00e3o, tecnologia, capacita\u00e7\u00e3o e empreendedorismo, reunindo profissionais e especialistas de destaque nacional para compartilhar experi\u00eancias e vis\u00f5es sobre o futuro dos neg\u00f3cios e da representa\u00e7\u00e3o comercial.<\/p>\n<p>\u00a0<\/p>\n","protected":false},"excerpt":{"rendered":"<p>O Core-CE e o Sirecom-CE realizaram, no dia 18 de novembro, no Audit\u00f3rio do Sebrae Cear\u00e1, a segunda edi\u00e7\u00e3o do F\u00f3rum Conex\u00e3o da Representa\u00e7\u00e3o Comercial. Com o apoio do Confere, do Sebrae Cear\u00e1 e da Versa Educa\u00e7\u00e3o, o evento teve como prop\u00f3sito fortalecer o setor, promover integra\u00e7\u00e3o e impulsionar o desenvolvimento dos representantes comerciais em &hellip; <\/p>\n<p class=\"link-more\"><a href=\"https:\/\/www.confere.org.br\/wordpress\/2o-forum-conexao-da-representacao-comercial-destacou-temas-como-inteligencia-artificial-e-novas-tecnologias-para-vendas\/\" class=\"more-link\">Continue lendo<span class=\"screen-reader-text\"> &#8220;2\u00ba F\u00f3rum Conex\u00e3o da Representa\u00e7\u00e3o Comercial destacou temas como Intelig\u00eancia Artificial e Novas Tecnologias para Vendas&#8221;<\/span><\/a><\/p>\n","protected":false},"author":9,"featured_media":17771,"comment_status":"closed","ping_status":"closed","sticky":false,"template":"","format":"standard","meta":[],"categories":[34,49],"tags":[],"_links":{"self":[{"href":"https:\/\/www.confere.org.br\/wordpress\/wp-json\/wp\/v2\/posts\/17770"}],"collection":[{"href":"https:\/\/www.confere.org.br\/wordpress\/wp-json\/wp\/v2\/posts"}],"about":[{"href":"https:\/\/www.confere.org.br\/wordpress\/wp-json\/wp\/v2\/types\/post"}],"author":[{"embeddable":true,"href":"https:\/\/www.confere.org.br\/wordpress\/wp-json\/wp\/v2\/users\/9"}],"replies":[{"embeddable":true,"href":"https:\/\/www.confere.org.br\/wordpress\/wp-json\/wp\/v2\/comments?post=17770"}],"version-history":[{"count":1,"href":"https:\/\/www.confere.org.br\/wordpress\/wp-json\/wp\/v2\/posts\/17770\/revisions"}],"predecessor-version":[{"id":17781,"href":"https:\/\/www.confere.org.br\/wordpress\/wp-json\/wp\/v2\/posts\/17770\/revisions\/17781"}],"wp:featuredmedia":[{"embeddable":true,"href":"https:\/\/www.confere.org.br\/wordpress\/wp-json\/wp\/v2\/media\/17771"}],"wp:attachment":[{"href":"https:\/\/www.confere.org.br\/wordpress\/wp-json\/wp\/v2\/media?parent=17770"}],"wp:term":[{"taxonomy":"category","embeddable":true,"href":"https:\/\/www.confere.org.br\/wordpress\/wp-json\/wp\/v2\/categories?post=17770"},{"taxonomy":"post_tag","embeddable":true,"href":"https:\/\/www.confere.org.br\/wordpress\/wp-json\/wp\/v2\/tags?post=17770"}],"curies":[{"name":"wp","href":"https:\/\/api.w.org\/{rel}","templated":true}]}}