{"id":17782,"date":"2025-11-25T13:57:05","date_gmt":"2025-11-25T16:57:05","guid":{"rendered":"https:\/\/www.confere.org.br\/wordpress\/?p=17782"},"modified":"2025-11-25T13:57:05","modified_gmt":"2025-11-25T16:57:05","slug":"presidente-do-core-rj-apresenta-palestra-na-aderj-sobre-a-lei-no-4-886-65","status":"publish","type":"post","link":"https:\/\/www.confere.org.br\/wordpress\/presidente-do-core-rj-apresenta-palestra-na-aderj-sobre-a-lei-no-4-886-65\/","title":{"rendered":"Presidente do Core-RJ apresenta palestra na ADERJ sobre a Lei n\u00ba 4.886\/65"},"content":{"rendered":"\n<div class=\"x_elementToProof\" data-olk-copy-source=\"MessageBody\">O presidente do Core-RJ, Marcelo Martino, apresentou na manh\u00e3 desta ter\u00e7a-feira, 25 de novembro, a palestra \u201cO Representante Comercial e o Empregado: Condi\u00e7\u00f5es que os Distinguem \u2013 Lei n\u00ba 4.886\/65\u201d durante mais uma edi\u00e7\u00e3o do Programa de Capacita\u00e7\u00e3o e Desenvolvimento da ADERJ (PCDA).<\/div>\n<div data-olk-copy-source=\"MessageBody\">\u00a0<\/div>\n<div class=\"x_elementToProof\">Voltada especialmente para profissionais do setor atacadista e distribuidor, a apresenta\u00e7\u00e3o abordou os\u00a0 \u00a0principais pontos da legisla\u00e7\u00e3o que regulamenta a representa\u00e7\u00e3o comercial, esclarecendo as diferen\u00e7as jur\u00eddicas entre o representante aut\u00f4nomo e o empregado celetista. Durante o encontro, Marcelo Martino destacou a import\u00e2ncia do correto enquadramento profissional para garantir seguran\u00e7a jur\u00eddica nas rela\u00e7\u00f5es comerciais.<\/div>\n<div>\u00a0<\/div>\n<div><span data-olk-copy-source=\"MessageBody\">O evento reuniu empres\u00e1rios, gestores e profissionais do segmento, que tiveram a oportunidade de aprofundar conhecimentos e esclarecer d\u00favidas sobre a Lei n\u00ba 4.886\/65 e seus impactos no setor.<\/span><\/div>\n","protected":false},"excerpt":{"rendered":"<p>O presidente do Core-RJ, Marcelo Martino, apresentou na manh\u00e3 desta ter\u00e7a-feira, 25 de novembro, a palestra \u201cO Representante Comercial e o Empregado: Condi\u00e7\u00f5es que os Distinguem \u2013 Lei n\u00ba 4.886\/65\u201d durante mais uma edi\u00e7\u00e3o do Programa de Capacita\u00e7\u00e3o e Desenvolvimento da ADERJ (PCDA). \u00a0 Voltada especialmente para profissionais do setor atacadista e distribuidor, a apresenta\u00e7\u00e3o &hellip; <\/p>\n<p class=\"link-more\"><a href=\"https:\/\/www.confere.org.br\/wordpress\/presidente-do-core-rj-apresenta-palestra-na-aderj-sobre-a-lei-no-4-886-65\/\" class=\"more-link\">Continue lendo<span class=\"screen-reader-text\"> &#8220;Presidente do Core-RJ apresenta palestra na ADERJ sobre a Lei n\u00ba 4.886\/65&#8221;<\/span><\/a><\/p>\n","protected":false},"author":9,"featured_media":17784,"comment_status":"closed","ping_status":"closed","sticky":false,"template":"","format":"standard","meta":[],"categories":[34,49],"tags":[],"_links":{"self":[{"href":"https:\/\/www.confere.org.br\/wordpress\/wp-json\/wp\/v2\/posts\/17782"}],"collection":[{"href":"https:\/\/www.confere.org.br\/wordpress\/wp-json\/wp\/v2\/posts"}],"about":[{"href":"https:\/\/www.confere.org.br\/wordpress\/wp-json\/wp\/v2\/types\/post"}],"author":[{"embeddable":true,"href":"https:\/\/www.confere.org.br\/wordpress\/wp-json\/wp\/v2\/users\/9"}],"replies":[{"embeddable":true,"href":"https:\/\/www.confere.org.br\/wordpress\/wp-json\/wp\/v2\/comments?post=17782"}],"version-history":[{"count":1,"href":"https:\/\/www.confere.org.br\/wordpress\/wp-json\/wp\/v2\/posts\/17782\/revisions"}],"predecessor-version":[{"id":17788,"href":"https:\/\/www.confere.org.br\/wordpress\/wp-json\/wp\/v2\/posts\/17782\/revisions\/17788"}],"wp:featuredmedia":[{"embeddable":true,"href":"https:\/\/www.confere.org.br\/wordpress\/wp-json\/wp\/v2\/media\/17784"}],"wp:attachment":[{"href":"https:\/\/www.confere.org.br\/wordpress\/wp-json\/wp\/v2\/media?parent=17782"}],"wp:term":[{"taxonomy":"category","embeddable":true,"href":"https:\/\/www.confere.org.br\/wordpress\/wp-json\/wp\/v2\/categories?post=17782"},{"taxonomy":"post_tag","embeddable":true,"href":"https:\/\/www.confere.org.br\/wordpress\/wp-json\/wp\/v2\/tags?post=17782"}],"curies":[{"name":"wp","href":"https:\/\/api.w.org\/{rel}","templated":true}]}}