{"id":17792,"date":"2025-11-27T10:10:45","date_gmt":"2025-11-27T13:10:45","guid":{"rendered":"https:\/\/www.confere.org.br\/wordpress\/?p=17792"},"modified":"2025-11-27T10:10:45","modified_gmt":"2025-11-27T13:10:45","slug":"comissao-fiscal-do-confere-analisa-e-aprova-propostas-orcamentarias-planos-de-acao-e-prestacoes-de-contas-do-sistema-confere-cores","status":"publish","type":"post","link":"https:\/\/www.confere.org.br\/wordpress\/comissao-fiscal-do-confere-analisa-e-aprova-propostas-orcamentarias-planos-de-acao-e-prestacoes-de-contas-do-sistema-confere-cores\/","title":{"rendered":"Comiss\u00e3o Fiscal do Confere analisa e aprova propostas or\u00e7ament\u00e1rias, planos de a\u00e7\u00e3o e presta\u00e7\u00f5es de contas do Sistema Confere\/Cores"},"content":{"rendered":"\n<p>A Comiss\u00e3o Fiscal do Confere realizou, nos dias 25 e 26 de novembro de 2025, duas reuni\u00f5es presenciais em Bras\u00edlia, para an\u00e1lise e delibera\u00e7\u00e3o de processos or\u00e7ament\u00e1rios e cont\u00e1beis dos Conselhos Regionais e do Conselho Federal. Os encontros foram conduzidos pelo presidente da Comiss\u00e3o, Milton Carlos da Silva, com participa\u00e7\u00e3o dos membros Francisco Sales de Souza Neto, Arthur Georges Guillou e do suplente Marcos Ant\u00f4nio de Oliveira Silva, al\u00e9m do apoio t\u00e9cnico do Gerente Adjunto de Auditoria, F\u00e1bio Gargano, que secretariou os trabalhos.<\/p>\n<p>No dia 25 de novembro, foram avaliadas as Propostas Or\u00e7ament\u00e1rias e Planos de A\u00e7\u00e3o 2026 dos Cores BA, CE, ES, MA, MG, MT, PA, PB, PE, RJ e RS, al\u00e9m dos processos do Core-DF, todos aprovados ap\u00f3s verifica\u00e7\u00e3o completa da documenta\u00e7\u00e3o obrigat\u00f3ria. Na mesma reuni\u00e3o, a Comiss\u00e3o tamb\u00e9m aprovou a presta\u00e7\u00e3o de contas do 3\u00ba trimestre de 2025 do Confere, apresentada pelas \u00e1reas cont\u00e1bil e financeira.<\/p>\n<p>No dia 26 de novembro, foram analisadas as propostas dos Cores AM, GO, MS, PI, PR, RO, SC, SE, SP e TO, al\u00e9m dos planos de a\u00e7\u00e3o dos Cores AL e RN.<\/p>\n<p>\u201cAs reuni\u00f5es refor\u00e7aram o compromisso do Sistema Confere\/Cores com a transpar\u00eancia, a responsabilidade administrativa e o aperfei\u00e7oamento cont\u00ednuo dos processos de planejamento, auditoria e controle interno, consolidando o alinhamento entre o Conselho Federal e os Conselhos Regionais para o exerc\u00edcio de 2026\u201d, frisou F\u00e1bio Gargano.<\/p>\n","protected":false},"excerpt":{"rendered":"<p>A Comiss\u00e3o Fiscal do Confere realizou, nos dias 25 e 26 de novembro de 2025, duas reuni\u00f5es presenciais em Bras\u00edlia, para an\u00e1lise e delibera\u00e7\u00e3o de processos or\u00e7ament\u00e1rios e cont\u00e1beis dos Conselhos Regionais e do Conselho Federal. Os encontros foram conduzidos pelo presidente da Comiss\u00e3o, Milton Carlos da Silva, com participa\u00e7\u00e3o dos membros Francisco Sales de &hellip; <\/p>\n<p class=\"link-more\"><a href=\"https:\/\/www.confere.org.br\/wordpress\/comissao-fiscal-do-confere-analisa-e-aprova-propostas-orcamentarias-planos-de-acao-e-prestacoes-de-contas-do-sistema-confere-cores\/\" class=\"more-link\">Continue lendo<span class=\"screen-reader-text\"> &#8220;Comiss\u00e3o Fiscal do Confere analisa e aprova propostas or\u00e7ament\u00e1rias, planos de a\u00e7\u00e3o e presta\u00e7\u00f5es de contas do Sistema Confere\/Cores&#8221;<\/span><\/a><\/p>\n","protected":false},"author":9,"featured_media":17793,"comment_status":"closed","ping_status":"closed","sticky":false,"template":"","format":"standard","meta":[],"categories":[34,49],"tags":[],"_links":{"self":[{"href":"https:\/\/www.confere.org.br\/wordpress\/wp-json\/wp\/v2\/posts\/17792"}],"collection":[{"href":"https:\/\/www.confere.org.br\/wordpress\/wp-json\/wp\/v2\/posts"}],"about":[{"href":"https:\/\/www.confere.org.br\/wordpress\/wp-json\/wp\/v2\/types\/post"}],"author":[{"embeddable":true,"href":"https:\/\/www.confere.org.br\/wordpress\/wp-json\/wp\/v2\/users\/9"}],"replies":[{"embeddable":true,"href":"https:\/\/www.confere.org.br\/wordpress\/wp-json\/wp\/v2\/comments?post=17792"}],"version-history":[{"count":1,"href":"https:\/\/www.confere.org.br\/wordpress\/wp-json\/wp\/v2\/posts\/17792\/revisions"}],"predecessor-version":[{"id":17798,"href":"https:\/\/www.confere.org.br\/wordpress\/wp-json\/wp\/v2\/posts\/17792\/revisions\/17798"}],"wp:featuredmedia":[{"embeddable":true,"href":"https:\/\/www.confere.org.br\/wordpress\/wp-json\/wp\/v2\/media\/17793"}],"wp:attachment":[{"href":"https:\/\/www.confere.org.br\/wordpress\/wp-json\/wp\/v2\/media?parent=17792"}],"wp:term":[{"taxonomy":"category","embeddable":true,"href":"https:\/\/www.confere.org.br\/wordpress\/wp-json\/wp\/v2\/categories?post=17792"},{"taxonomy":"post_tag","embeddable":true,"href":"https:\/\/www.confere.org.br\/wordpress\/wp-json\/wp\/v2\/tags?post=17792"}],"curies":[{"name":"wp","href":"https:\/\/api.w.org\/{rel}","templated":true}]}}