{"id":17817,"date":"2025-12-01T08:49:06","date_gmt":"2025-12-01T11:49:06","guid":{"rendered":"https:\/\/www.confere.org.br\/wordpress\/?p=17817"},"modified":"2025-12-01T08:49:55","modified_gmt":"2025-12-01T11:49:55","slug":"core-sp-realiza-novo-encontro-de-integracao-e-treinamento-com-seus-colaboradores","status":"publish","type":"post","link":"https:\/\/www.confere.org.br\/wordpress\/core-sp-realiza-novo-encontro-de-integracao-e-treinamento-com-seus-colaboradores\/","title":{"rendered":"Core-SP realiza novo encontro de integra\u00e7\u00e3o e treinamento com seus colaboradores"},"content":{"rendered":"\n<p>Aconteceu nos dias 26 e 27 de novembro, o Audit\u00f3rio Augusto Simi, localizado no 1\u00ba andar da sede do Core-SP, no centro da capital paulista, recebeu mais uma edi\u00e7\u00e3o do encontro de capacita\u00e7\u00e3o e integra\u00e7\u00e3o. O evento contou com docentes do Instituto Brasileiro de Educa\u00e7\u00e3o em Gest\u00e3o P\u00fablica (IBEGESP) e reuniu colaboradores da capital, dos Escrit\u00f3rios Seccionais, membros da Diretoria de S\u00e3o Paulo e do Conselho Federal dos Representantes Comerciais (Confere).<\/p>\n<p>As palestras foram conduzidas pelas professoras Prof\u00aa Dr\u00aa Veruska Pereira e Prof\u00aa Esp\u00aa Ana Beatriz Lopes Lancha, abordando temas essenciais para o ambiente corporativo:<\/p>\n<ul>\n<li>Media\u00e7\u00e3o de Conflitos<\/li>\n<li>Feedback: teoria e pr\u00e1tica<\/li>\n<li>Preven\u00e7\u00e3o ao Ass\u00e9dio: mais que dever, estrat\u00e9gia<\/li>\n<\/ul>\n<p>Al\u00e9m das atividades formativas, os departamentos tiveram a oportunidade de apresentar suas rotinas, fun\u00e7\u00f5es e resultados, bem como integrar novos colegas \u00e0s equipes e compartilhar expectativas para o pr\u00f3ximo ano.<\/p>\n<p>Foram momentos ricos para aprender, ensinar e ouvir quem faz o CORE-SP funcionar todos os dias \u2014 seja presencialmente ou de forma remota.Cada colaborador \u00e9 pe\u00e7a fundamental para que o sistema Confere\/Cores continue fazendo a diferen\u00e7a na representa\u00e7\u00e3o comercial e contribuindo para todos os setores da sociedade.<\/p>\n<p>Fonte: Core-SP<\/p>\n","protected":false},"excerpt":{"rendered":"<p>Pelo segundo ano consecutivo, em parceria com o IBEGESP, o Core-SP promoveu um novo encontro de treinamento e integra\u00e7\u00e3o voltados ao desenvolvimento profissional de seus colaboradores.<\/p>\n","protected":false},"author":9,"featured_media":17818,"comment_status":"closed","ping_status":"closed","sticky":false,"template":"","format":"standard","meta":[],"categories":[34,49],"tags":[],"_links":{"self":[{"href":"https:\/\/www.confere.org.br\/wordpress\/wp-json\/wp\/v2\/posts\/17817"}],"collection":[{"href":"https:\/\/www.confere.org.br\/wordpress\/wp-json\/wp\/v2\/posts"}],"about":[{"href":"https:\/\/www.confere.org.br\/wordpress\/wp-json\/wp\/v2\/types\/post"}],"author":[{"embeddable":true,"href":"https:\/\/www.confere.org.br\/wordpress\/wp-json\/wp\/v2\/users\/9"}],"replies":[{"embeddable":true,"href":"https:\/\/www.confere.org.br\/wordpress\/wp-json\/wp\/v2\/comments?post=17817"}],"version-history":[{"count":2,"href":"https:\/\/www.confere.org.br\/wordpress\/wp-json\/wp\/v2\/posts\/17817\/revisions"}],"predecessor-version":[{"id":17833,"href":"https:\/\/www.confere.org.br\/wordpress\/wp-json\/wp\/v2\/posts\/17817\/revisions\/17833"}],"wp:featuredmedia":[{"embeddable":true,"href":"https:\/\/www.confere.org.br\/wordpress\/wp-json\/wp\/v2\/media\/17818"}],"wp:attachment":[{"href":"https:\/\/www.confere.org.br\/wordpress\/wp-json\/wp\/v2\/media?parent=17817"}],"wp:term":[{"taxonomy":"category","embeddable":true,"href":"https:\/\/www.confere.org.br\/wordpress\/wp-json\/wp\/v2\/categories?post=17817"},{"taxonomy":"post_tag","embeddable":true,"href":"https:\/\/www.confere.org.br\/wordpress\/wp-json\/wp\/v2\/tags?post=17817"}],"curies":[{"name":"wp","href":"https:\/\/api.w.org\/{rel}","templated":true}]}}