{"id":17836,"date":"2025-12-01T16:43:29","date_gmt":"2025-12-01T19:43:29","guid":{"rendered":"https:\/\/www.confere.org.br\/wordpress\/?p=17836"},"modified":"2025-12-01T16:43:29","modified_gmt":"2025-12-01T19:43:29","slug":"core-rj-apresenta-balanco-do-trienio-com-avancos-em-modernizacao-fiscalizacao-e-valorizacao-da-categoria","status":"publish","type":"post","link":"https:\/\/www.confere.org.br\/wordpress\/core-rj-apresenta-balanco-do-trienio-com-avancos-em-modernizacao-fiscalizacao-e-valorizacao-da-categoria\/","title":{"rendered":"Core-RJ apresenta balan\u00e7o do tri\u00eanio com avan\u00e7os em moderniza\u00e7\u00e3o, fiscaliza\u00e7\u00e3o e valoriza\u00e7\u00e3o da categoria"},"content":{"rendered":"\n<div class=\"x_elementToProof\" data-olk-copy-source=\"MessageBody\">\n<p class=\"pf0\"><span class=\"cf0\">O <\/span><span class=\"cf0\">Core-RJ<\/span><span class=\"cf0\"> divulgou um Relat\u00f3rio de Presta\u00e7\u00e3o de Contas referente ao tri\u00eanio 2023\/<\/span><span class=\"cf1\">2025, destacando um per<\/span><span class=\"cf0\">\u00edodo marcado por moderniza\u00e7\u00e3o institucional, aprimoramento da fiscaliza\u00e7\u00e3o, amplia\u00e7\u00e3o dos servi\u00e7os e aproxima\u00e7\u00e3o com os profissionais da categoria.<\/span><\/p>\n<p class=\"pf0\"><span class=\"cf0\">A gest\u00e3o, conduzida pelo presidente Marcelo Martino, representou um marco de transforma\u00e7\u00e3o no Conselho: \u201cAssumimos o compromisso de resgatar a credibilidade institucional e valorizar o representante comercial, que \u00e9 o protagonista de todo o nosso trabalho\u201d, afirma Martino.<\/span><\/p>\n<p class=\"pf0\"><span class=\"cf0\">Entre os principais avan\u00e7os internos, o per\u00edodo registrou a cria\u00e7\u00e3o do novo Plano de Cargos e Sal\u00e1rios, a moderniza\u00e7\u00e3o da estrutura f\u00edsica, melhorias no atendimento e a ades\u00e3o a programas nacionais de governan\u00e7a e transpar\u00eancia, como o <\/span><span class=\"cf1\">Programa Nacional de Preven<\/span><span class=\"cf0\">\u00e7\u00e3o \u00e0 Corrup\u00e7\u00e3o, do TCU, cujo selo foi concedido ao Conselho.<\/span><\/p>\n<p class=\"pf0\"><span class=\"cf0\">O <\/span><span class=\"cf0\">Core-RJ<\/span><span class=\"cf0\"> tamb\u00e9m implementou a carteira digital <\/span><span class=\"cf0\">ProID<\/span><span class=\"cf0\">, modernizou os canais de atendimento, <\/span><span class=\"cf1\">incluindo WhatsApp Business, e lan<\/span><span class=\"cf0\">\u00e7ou o Programa de Benef\u00edcios, que oferece descontos exclusivos a profissionais com registro ativo.<\/span><\/p>\n<p class=\"pf0\"><span class=\"cf0\">O relat\u00f3rio apresenta n\u00fameros expressivos no registro profissional: 5.638 novos registros entre 2023 e setembro de 2025. A emiss\u00e3o da carteira digital tamb\u00e9m avan\u00e7ou, ultrapassando 3 mil emiss\u00f5es no per\u00edodo.<\/span><\/p>\n<p class=\"pf0\"><span class=\"cf0\">A fiscaliza\u00e7\u00e3o foi refor\u00e7ada com aumento do quadro operacional, a\u00e7\u00f5es educativas e atua\u00e7\u00e3o direta em feiras e eventos, resultando em mais de 1.800 novos registros originados por notifica\u00e7\u00f5es.<\/span><\/p>\n<p class=\"pf0\"><span class=\"cf0\">A partir de 2024, com a cria\u00e7\u00e3o do Setor de Comunica\u00e7\u00e3o, o <\/span><span class=\"cf0\">Core-RJ<\/span><span class=\"cf0\"> passou a executar campanhas robustas para ampliar a visibilidade da profiss\u00e3o. Destacam-se:<\/span><\/p>\n<ul>\n<li class=\"pf0\"><span class=\"cf0\">Campanha de <\/span><span class=\"cf0\">busdoor<\/span><span class=\"cf0\">, com circula\u00e7\u00e3o em regi\u00f5es estrat\u00e9gicas como Centro, Zona Sul, Baixada e Barra da Tijuca.<\/span><\/li>\n<li class=\"pf0\"><span class=\"cf0\">Presen\u00e7a ativa na Bolsa de G\u00eaneros Aliment\u00edcios (BGA) e no programa de capacita\u00e7\u00e3o da ADERJ.<\/span><\/li>\n<li class=\"pf0\"><span class=\"cf0\">Expans\u00e3o para novos canais digitais, como LinkedIn e YouTube.<\/span><\/li>\n<\/ul>\n<p class=\"pf0\"><span class=\"cf0\">A gest\u00e3o levou o Conselho ao interior do estado com o <\/span><span class=\"cf0\">Core-RJ<\/span><span class=\"cf0\"> Itinerante, que percorreu cidades como Campos dos Goytacazes, Volta Redonda e Petr\u00f3polis, oferecendo servi\u00e7os, atendimento jur\u00eddico e a\u00e7\u00f5es de fiscaliza\u00e7\u00e3o. As a\u00e7\u00f5es tiveram ampla cobertura da imprensa local.<\/span><\/p>\n<p class=\"pf0\"><span class=\"cf0\">J\u00e1 o <\/span><span class=\"cf0\">Core-RJ<\/span><span class=\"cf0\"> Visita promoveu aproxima\u00e7\u00e3o com empresas representadas, fortalecendo o di\u00e1logo institucional.<\/span><\/p>\n<p class=\"pf0\"><span class=\"cf0\">Nesse per\u00edodo, o <\/span><span class=\"cf0\">Core-RJ<\/span><span class=\"cf0\"> consolidou-se como protagonista na agenda de conhecimento da categoria. Entre os eventos de destaque<\/span><span class=\"cf1\">:<\/span><\/p>\n<ul>\n<li class=\"pf0\"><span class=\"cf1\">Super Rio <\/span><span class=\"cf1\">Expofood<\/span><span class=\"cf1\"> (2024 e 2025) \u2013 presen<\/span><span class=\"cf0\">\u00e7a em um dos maiores eventos do setor varejista das Am\u00e9ricas.<\/span><\/li>\n<li class=\"pf0\"><span class=\"cf0\">Vozes Femininas <\/span><span class=\"cf1\">\u2013 roda de conversa com mulheres da representa<\/span><span class=\"cf0\">\u00e7\u00e3o comercial.<\/span><\/li>\n<li class=\"pf0\"><span class=\"cf0\">Caf\u00e9 com Presidente <\/span><span class=\"cf1\">\u2013 quatro edi<\/span><span class=\"cf0\">\u00e7\u00f5es, aproximando dirigentes e profissionais.<\/span><\/li>\n<li class=\"pf0\"><span class=\"cf0\">Exposi\u00e7\u00e3o \u201cDo Mascate ao Representante Comercial\u201d <\/span><span class=\"cf1\">\u2013 no Pal<\/span><span class=\"cf0\">\u00e1cio Tiradentes.<\/span><\/li>\n<li class=\"pf0\"><span class=\"cf0\">Palestras de Walter Longo no CCBB <\/span><span class=\"cf1\">\u2013 capacita<\/span><span class=\"cf0\">\u00e7\u00f5es sobre intelig\u00eancia artificial e inova\u00e7\u00e3o.<\/span><\/li>\n<\/ul>\n<p><span class=\"cf0\">A dimens\u00e3o social tamb\u00e9m ganhou for\u00e7a. Em 2024, o Conselho atuou como ponto de coleta de doa\u00e7\u00f5es para as v\u00edtimas das chuvas no Rio Grande do Sul, em parceria com a Cruz Vermelha. E, e<\/span><span class=\"cf0\">m 2025, firmou parceria com a Casa Ronald <\/span><span class=\"cf0\">McDonald-RJ<\/span><span class=\"cf0\"> para apoiar campanhas de arrecada\u00e7\u00e3o destinadas a crian\u00e7as e adolescentes em tratamento oncol\u00f3gico.<\/span><\/p>\n<p><span class=\"cf0\">O relat\u00f3rio tamb\u00e9m marca as comemora\u00e7\u00f5es pelos 60 anos da Lei n\u00ba 4.886\/65, que regulamenta a Representa\u00e7\u00e3o Comercial no Brasil. Para celebrar o marco, o <\/span><span class=\"cf0\">Core-RJ<\/span><span class=\"cf0\"> produziu um selo comemorativo em parceria com os Correios, refor\u00e7ando a import\u00e2ncia hist\u00f3rica da legisla\u00e7\u00e3o.<\/span><\/p>\n<p><strong><span class=\"cf0\">Perspectivas para 2026<\/span><\/strong><\/p>\n<p><span class=\"cf0\">O <\/span><span class=\"cf0\">Core-RJ<\/span><span class=\"cf0\"> pretende ampliar seus projetos estrat\u00e9gicos nos pr\u00f3ximos anos, entre eles a expans\u00e3o do Core Itinerante, o fortalecimento do Core Visita, novos ciclos de capacita\u00e7\u00e3o e a consolida\u00e7\u00e3o da nova sede.<\/span><\/p>\n<p><a id=\"OWAcddf8bb6-24b0-01de-d7e4-1dfcbae671a5\" class=\"x_OWAAutoLink\" title=\"https:\/\/core-rj.org.br\/docs\/publicacoes\/prestandocontas.pdf\" href=\"https:\/\/core-rj.org.br\/docs\/publicacoes\/prestandocontas.pdf\" target=\"_blank\" rel=\"noopener noreferrer\" data-auth=\"NotApplicable\" data-linkindex=\"0\">Confira o Relat\u00f3rio completo, clicando aqui.\u00a0<\/a><\/p>\n<\/div>\n","protected":false},"excerpt":{"rendered":"<p>O Core-RJ divulgou um Relat\u00f3rio de Presta\u00e7\u00e3o de Contas referente ao tri\u00eanio 2023\/2025, destacando um per\u00edodo marcado por moderniza\u00e7\u00e3o institucional, aprimoramento da fiscaliza\u00e7\u00e3o, amplia\u00e7\u00e3o dos servi\u00e7os e aproxima\u00e7\u00e3o com os profissionais da categoria. A gest\u00e3o, conduzida pelo presidente Marcelo Martino, representou um marco de transforma\u00e7\u00e3o no Conselho: \u201cAssumimos o compromisso de resgatar a credibilidade institucional &hellip; <\/p>\n<p class=\"link-more\"><a href=\"https:\/\/www.confere.org.br\/wordpress\/core-rj-apresenta-balanco-do-trienio-com-avancos-em-modernizacao-fiscalizacao-e-valorizacao-da-categoria\/\" class=\"more-link\">Continue lendo<span class=\"screen-reader-text\"> &#8220;Core-RJ apresenta balan\u00e7o do tri\u00eanio com avan\u00e7os em moderniza\u00e7\u00e3o, fiscaliza\u00e7\u00e3o e valoriza\u00e7\u00e3o da categoria&#8221;<\/span><\/a><\/p>\n","protected":false},"author":3,"featured_media":17837,"comment_status":"closed","ping_status":"closed","sticky":false,"template":"","format":"standard","meta":[],"categories":[34,49,17],"tags":[],"_links":{"self":[{"href":"https:\/\/www.confere.org.br\/wordpress\/wp-json\/wp\/v2\/posts\/17836"}],"collection":[{"href":"https:\/\/www.confere.org.br\/wordpress\/wp-json\/wp\/v2\/posts"}],"about":[{"href":"https:\/\/www.confere.org.br\/wordpress\/wp-json\/wp\/v2\/types\/post"}],"author":[{"embeddable":true,"href":"https:\/\/www.confere.org.br\/wordpress\/wp-json\/wp\/v2\/users\/3"}],"replies":[{"embeddable":true,"href":"https:\/\/www.confere.org.br\/wordpress\/wp-json\/wp\/v2\/comments?post=17836"}],"version-history":[{"count":1,"href":"https:\/\/www.confere.org.br\/wordpress\/wp-json\/wp\/v2\/posts\/17836\/revisions"}],"predecessor-version":[{"id":17838,"href":"https:\/\/www.confere.org.br\/wordpress\/wp-json\/wp\/v2\/posts\/17836\/revisions\/17838"}],"wp:featuredmedia":[{"embeddable":true,"href":"https:\/\/www.confere.org.br\/wordpress\/wp-json\/wp\/v2\/media\/17837"}],"wp:attachment":[{"href":"https:\/\/www.confere.org.br\/wordpress\/wp-json\/wp\/v2\/media?parent=17836"}],"wp:term":[{"taxonomy":"category","embeddable":true,"href":"https:\/\/www.confere.org.br\/wordpress\/wp-json\/wp\/v2\/categories?post=17836"},{"taxonomy":"post_tag","embeddable":true,"href":"https:\/\/www.confere.org.br\/wordpress\/wp-json\/wp\/v2\/tags?post=17836"}],"curies":[{"name":"wp","href":"https:\/\/api.w.org\/{rel}","templated":true}]}}