{"id":17839,"date":"2025-12-02T08:38:35","date_gmt":"2025-12-02T11:38:35","guid":{"rendered":"https:\/\/www.confere.org.br\/wordpress\/?p=17839"},"modified":"2025-12-02T08:38:35","modified_gmt":"2025-12-02T11:38:35","slug":"mercado-reduz-previsao-da-inflacao-para-443-este-ano","status":"publish","type":"post","link":"https:\/\/www.confere.org.br\/wordpress\/mercado-reduz-previsao-da-inflacao-para-443-este-ano\/","title":{"rendered":"Mercado reduz previs\u00e3o da infla\u00e7\u00e3o para 4,43% este ano"},"content":{"rendered":"\n<p>A previs\u00e3o do mercado financeiro para o \u00cdndice Nacional de Pre\u00e7os ao Consumidor Amplo (IPCA) &#8211; considerado a infla\u00e7\u00e3o oficial do pa\u00eds &#8211; passou de 4,45% para 4,43% este ano. A estimativa foi publicada no boletim Focus desta segunda-feira (1\u00ba), divulgado semanalmente pelo Banco Central (BC), com a expectativa de institui\u00e7\u00f5es financeiras para os principais indicadores econ\u00f4micos.<\/p>\n<p>Para 2026, a proje\u00e7\u00e3o da infla\u00e7\u00e3o variou de 4,18% para 4,17%. Para 2027 e 2028, as previs\u00f5es s\u00e3o de 3,8% e 3,5%, respectivamente.<\/p>\n<p>Pela terceira semana seguida, a previs\u00e3o foi reduzida, ap\u00f3s a divulga\u00e7\u00e3o do resultado da infla\u00e7\u00e3o de outubro, a menor para o m\u00eas em quase 30 anos. Com isso, a estimativa alcan\u00e7ou o intervalo da meta de infla\u00e7\u00e3o que deve ser perseguida pelo BC.<\/p>\n<p>Definida pelo Conselho Monet\u00e1rio Nacional (CMN), a meta \u00e9 de 3%, com intervalo de toler\u00e2ncia de 1,5 ponto percentual para cima ou para baixo. Ou seja, o limite inferior \u00e9 1,5% e o superior 4,5%.<\/p>\n<p>A redu\u00e7\u00e3o na conta de luz puxou a infla\u00e7\u00e3o oficial para baixo e fez o IPCA fechar outubro em 0,09%, o menor para o m\u00eas desde 1998, segundo o Instituto Brasileiro de Geografia Estat\u00edstica (IBGE). Em setembro, o \u00edndice havia marcado 0,48%. Em outubro de 2024, a varia\u00e7\u00e3o havia sido de 0,56%.<\/p>\n<p>Com esse resultado, a infla\u00e7\u00e3o acumulada em 12 meses \u00e9 4,68%, a primeira vez, em oito meses, que o patamar fica abaixo da casa de 5%. No entanto, ainda acima do teto da meta do CMN.<\/p>\n<h3>Juros b\u00e1sicos<\/h3>\n<p><br \/>Para alcan\u00e7ar a meta de infla\u00e7\u00e3o, o Banco Central usa como principal instrumento a taxa b\u00e1sica de juros &#8211; a Selic &#8211; definida em 15% ao ano pelo Comit\u00ea de Pol\u00edtica Monet\u00e1ria (Copom) do BC. O recuo da infla\u00e7\u00e3o e a desacelera\u00e7\u00e3o da economia levaram \u00e0 manuten\u00e7\u00e3o da Selic pela terceira vez seguida, na \u00faltima reuni\u00e3o, no m\u00eas passado.<\/p>\n<p>No entanto, o colegiado n\u00e3o descarta a possibilidade de voltar a elevar os juros \u201ccaso julgue apropriado\u201d.<\/p>\n<p>Em nota, o BC informou que o ambiente externo se mant\u00e9m incerto por causa da conjuntura e da pol\u00edtica econ\u00f4mica nos Estados Unidos, com reflexos nas condi\u00e7\u00f5es financeiras globais. J\u00e1 no Brasil, a autarquia destacou que a infla\u00e7\u00e3o continua acima da meta, apesar da desacelera\u00e7\u00e3o da atividade econ\u00f4mica, o que indica que os juros continuar\u00e3o altos por bastante tempo.<\/p>\n<p>A estimativa dos analistas de mercado \u00e9 que a taxa b\u00e1sica encerre 2025 nesses 15% ao ano. Para o fim de 2026, a expectativa \u00e9 que a Selic caia para 12% ao ano. Para 2027 e 2028, a previs\u00e3o \u00e9 que ela seja reduzida novamente para 10,5% ao ano e 9,5% ao ano, respectivamente.<\/p>\n<p>Quando o Copom aumenta a Selic, a finalidade \u00e9 conter a demanda aquecida; isso causa reflexos nos pre\u00e7os porque os juros mais altos encarecem o cr\u00e9dito e estimulam a poupan\u00e7a. Assim, taxas mais altas tamb\u00e9m podem dificultar a expans\u00e3o da economia. Os bancos ainda consideram outros fatores na hora de definir os juros cobrados dos consumidores, como risco de inadimpl\u00eancia, lucro e despesas administrativas.<\/p>\n<p>Quando a taxa Selic \u00e9 reduzida, a tend\u00eancia \u00e9 que o cr\u00e9dito fique mais barato, com incentivo \u00e0 produ\u00e7\u00e3o e ao consumo, reduzindo o controle sobre a infla\u00e7\u00e3o e estimulando a atividade econ\u00f4mica.<\/p>\n<p>Fonte: Ag\u00eancia Brasil<\/p>\n","protected":false},"excerpt":{"rendered":"<p>Estimativa para o PIB \u00e9 2,16% em 2025<\/p>\n","protected":false},"author":9,"featured_media":17840,"comment_status":"closed","ping_status":"closed","sticky":false,"template":"","format":"standard","meta":[],"categories":[2],"tags":[],"_links":{"self":[{"href":"https:\/\/www.confere.org.br\/wordpress\/wp-json\/wp\/v2\/posts\/17839"}],"collection":[{"href":"https:\/\/www.confere.org.br\/wordpress\/wp-json\/wp\/v2\/posts"}],"about":[{"href":"https:\/\/www.confere.org.br\/wordpress\/wp-json\/wp\/v2\/types\/post"}],"author":[{"embeddable":true,"href":"https:\/\/www.confere.org.br\/wordpress\/wp-json\/wp\/v2\/users\/9"}],"replies":[{"embeddable":true,"href":"https:\/\/www.confere.org.br\/wordpress\/wp-json\/wp\/v2\/comments?post=17839"}],"version-history":[{"count":1,"href":"https:\/\/www.confere.org.br\/wordpress\/wp-json\/wp\/v2\/posts\/17839\/revisions"}],"predecessor-version":[{"id":17841,"href":"https:\/\/www.confere.org.br\/wordpress\/wp-json\/wp\/v2\/posts\/17839\/revisions\/17841"}],"wp:featuredmedia":[{"embeddable":true,"href":"https:\/\/www.confere.org.br\/wordpress\/wp-json\/wp\/v2\/media\/17840"}],"wp:attachment":[{"href":"https:\/\/www.confere.org.br\/wordpress\/wp-json\/wp\/v2\/media?parent=17839"}],"wp:term":[{"taxonomy":"category","embeddable":true,"href":"https:\/\/www.confere.org.br\/wordpress\/wp-json\/wp\/v2\/categories?post=17839"},{"taxonomy":"post_tag","embeddable":true,"href":"https:\/\/www.confere.org.br\/wordpress\/wp-json\/wp\/v2\/tags?post=17839"}],"curies":[{"name":"wp","href":"https:\/\/api.w.org\/{rel}","templated":true}]}}