{"id":17843,"date":"2025-12-03T09:45:58","date_gmt":"2025-12-03T12:45:58","guid":{"rendered":"https:\/\/www.confere.org.br\/wordpress\/?p=17843"},"modified":"2025-12-03T09:45:59","modified_gmt":"2025-12-03T12:45:59","slug":"core-mg-amplia-presenca-no-norte-de-minas-com-atendimento-a-categoria-e-integracao-de-novos-registrados","status":"publish","type":"post","link":"https:\/\/www.confere.org.br\/wordpress\/core-mg-amplia-presenca-no-norte-de-minas-com-atendimento-a-categoria-e-integracao-de-novos-registrados\/","title":{"rendered":"Core-MG amplia presen\u00e7a no Norte de Minas com atendimento \u00e0 categoria e integra\u00e7\u00e3o de novos registrados"},"content":{"rendered":"\n<p>Na \u00faltima sexta-feira, dia 28\/11, a Seccional Norte de Minas do Core-MG esteve promoveu uma tarde de atividades voltadas ao fortalecimento da categoria em Montes Claros. Representantes comerciais registrados participaram de mais uma edi\u00e7\u00e3o do Programa de Suporte e Assessoria ao Representante Comercial, iniciativa que oferece atendimento direto, orienta\u00e7\u00f5es t\u00e9cnicas individualizadas e encaminhamento de demandas relacionadas ao exerc\u00edcio profissional.<\/p>\n<p>O fluxo constante de profissionais na sede da seccional refor\u00e7ou o compromisso do Core-MG em ampliar sua presen\u00e7a institucional no interior do estado, garantindo apoio mais pr\u00f3ximo e qualificado, movimento que recebeu avalia\u00e7\u00e3o positiva dos participantes.<\/p>\n<p>Na programa\u00e7\u00e3o seguinte, em audit\u00f3rio pr\u00f3ximo \u00e0 seccional, foi realizada mais uma etapa do Identidade em M\u00e3os, a\u00e7\u00e3o que marca a entrega oficial das carteiras profissionais aos novos registrados do Norte de Minas. Em um formato objetivo e din\u00e2mico, os participantes receberam informa\u00e7\u00f5es essenciais sobre a Representa\u00e7\u00e3o Comercial, al\u00e9m de orienta\u00e7\u00f5es pr\u00e1ticas para iniciar a atua\u00e7\u00e3o na profiss\u00e3o. Para muitos, o momento foi percebido como acolhedor e fortalecedor, destacando o papel do Conselho como refer\u00eancia institucional no ingresso ao mercado.<\/p>\n<p>Encerrando o dia, presidente do Core-MG, Ant\u00f4nio Jos\u00e9 Maciel Ribeiro, reuniu-se com membros da diretoria da Associa\u00e7\u00e3o dos Representantes Comerciais do Norte de Minas Gerais, para discutir direitos e deveres, perspectivas para o associativismo e estrat\u00e9gias de fortalecimento institucional. O encontro foi marcado por troca de experi\u00eancias e alinhamentos importantes para o desenvolvimento da categoria na regi\u00e3o.<\/p>\n<p>\u201cCom uma agenda integrada, reafirmamos nossa proposta de atua\u00e7\u00e3o descentralizada, ampliando presen\u00e7a nas diversas regi\u00f5es do estado e oferecendo orienta\u00e7\u00e3o cont\u00ednua aos representantes comerciais\u201d, ressaltou o presidente do Regional.<\/p>\n<p>\u00a0<\/p>\n","protected":false},"excerpt":{"rendered":"<p>Na \u00faltima sexta-feira, dia 28\/11, a Seccional Norte de Minas do Core-MG esteve promoveu uma tarde de atividades voltadas ao fortalecimento da categoria em Montes Claros. Representantes comerciais registrados participaram de mais uma edi\u00e7\u00e3o do Programa de Suporte e Assessoria ao Representante Comercial, iniciativa que oferece atendimento direto, orienta\u00e7\u00f5es t\u00e9cnicas individualizadas e encaminhamento de demandas &hellip; <\/p>\n<p class=\"link-more\"><a href=\"https:\/\/www.confere.org.br\/wordpress\/core-mg-amplia-presenca-no-norte-de-minas-com-atendimento-a-categoria-e-integracao-de-novos-registrados\/\" class=\"more-link\">Continue lendo<span class=\"screen-reader-text\"> &#8220;Core-MG amplia presen\u00e7a no Norte de Minas com atendimento \u00e0 categoria e integra\u00e7\u00e3o de novos registrados&#8221;<\/span><\/a><\/p>\n","protected":false},"author":9,"featured_media":17844,"comment_status":"closed","ping_status":"closed","sticky":false,"template":"","format":"standard","meta":[],"categories":[34,49],"tags":[],"_links":{"self":[{"href":"https:\/\/www.confere.org.br\/wordpress\/wp-json\/wp\/v2\/posts\/17843"}],"collection":[{"href":"https:\/\/www.confere.org.br\/wordpress\/wp-json\/wp\/v2\/posts"}],"about":[{"href":"https:\/\/www.confere.org.br\/wordpress\/wp-json\/wp\/v2\/types\/post"}],"author":[{"embeddable":true,"href":"https:\/\/www.confere.org.br\/wordpress\/wp-json\/wp\/v2\/users\/9"}],"replies":[{"embeddable":true,"href":"https:\/\/www.confere.org.br\/wordpress\/wp-json\/wp\/v2\/comments?post=17843"}],"version-history":[{"count":1,"href":"https:\/\/www.confere.org.br\/wordpress\/wp-json\/wp\/v2\/posts\/17843\/revisions"}],"predecessor-version":[{"id":17849,"href":"https:\/\/www.confere.org.br\/wordpress\/wp-json\/wp\/v2\/posts\/17843\/revisions\/17849"}],"wp:featuredmedia":[{"embeddable":true,"href":"https:\/\/www.confere.org.br\/wordpress\/wp-json\/wp\/v2\/media\/17844"}],"wp:attachment":[{"href":"https:\/\/www.confere.org.br\/wordpress\/wp-json\/wp\/v2\/media?parent=17843"}],"wp:term":[{"taxonomy":"category","embeddable":true,"href":"https:\/\/www.confere.org.br\/wordpress\/wp-json\/wp\/v2\/categories?post=17843"},{"taxonomy":"post_tag","embeddable":true,"href":"https:\/\/www.confere.org.br\/wordpress\/wp-json\/wp\/v2\/tags?post=17843"}],"curies":[{"name":"wp","href":"https:\/\/api.w.org\/{rel}","templated":true}]}}