{"id":17851,"date":"2025-12-03T10:42:12","date_gmt":"2025-12-03T13:42:12","guid":{"rendered":"https:\/\/www.confere.org.br\/wordpress\/?p=17851"},"modified":"2025-12-09T11:35:44","modified_gmt":"2025-12-09T14:35:44","slug":"programacao-seminario","status":"publish","type":"post","link":"https:\/\/www.confere.org.br\/wordpress\/programacao-seminario\/","title":{"rendered":"Programa\u00e7\u00e3o Semin\u00e1rio"},"content":{"rendered":"<div style=\"color:#DADADA;\">\n<p>\t<strong>08\/12\/2025 \u2013 Segunda-feira<\/strong><\/p>\n<p style=\"margin: 40px 0;\">13h30 \u2013 14h00<br \/>\nCREDENCIAMENTO<\/p>\n<p style=\"margin: 40px 0;\">14h00 \u2013 15h00<br \/>\nABERTURA CONFERE<\/p>\n<p style=\"margin: 40px 0; margin-bottom: 10px;\">15h00 \u2013 16h00<br \/>\nPALESTRA 01<\/p>\n<h4 style=\"color:#DADADA;\"><strong>Novas Regras na Presta\u00e7\u00e3o de Contas e Transpar\u00eancia dos Conselhos Profissionais &#8211; Acompanhamento Cont\u00ednuo nas Indeniza\u00e7\u00f5es<\/strong><\/h4>\n<p>Palestrante: Jo\u00e3o Manoel da Silva Dion\u00edsio &#8211; Diretor de Fiscaliza\u00e7\u00e3o dos Conselhos Profissionais do TCU.<\/p>\n<p style=\"margin: 40px 0;\">16h00 \u2013 16h30<br \/>\nCOFFEE BREAK<\/p>\n<p style=\"margin: 40px 0; margin-bottom: 10px;\">16h30 \u2013 17h30<br \/>\nPALESTRA 02<\/p>\n<h4 style=\"color:#DADADA;\"><strong>Atribui\u00e7\u00f5es e Limites dos Conselhos Regionais<\/strong><\/h4>\n<p>Palestrante: Alberto Leite C\u00e2mara &#8211; Diretor de Fiscaliza\u00e7\u00e3o das A\u00e7\u00f5es Estrat\u00e9gicas do Poder Executivo e Controle Externo no TCU.<\/p>\n<p style=\"margin: 40px 0; margin-bottom: 10px;\">17h30 \u2013 18h30<br \/>\nPALESTRA 03<\/p>\n<h4 style=\"color:#DADADA;\"><strong>Responsabilidade Legal de Dirigentes de Autarquias Profissionais<\/strong><\/h4>\n<p>Palestrante: Ministro Bruno Dantas &#8211; Tribunal de Contas da Uni\u00e3o<\/p>\n<p style=\"margin: 40px 0;\">18h30<br \/>\nENCERRAMENTO<\/p>\n<hr>\n<p><strong>09\/12\/2025 \u2013 Ter\u00e7a-feira<\/strong><\/p>\n<p style=\"margin: 40px 0; margin-bottom: 10px;\">08h30 \u2013 09h30<br \/>\nPALESTRA 01<\/p>\n<h4 style=\"color:#DADADA;\"><strong>Rela\u00e7\u00f5es Institucionais: Articula\u00e7\u00e3o com Esferas de Poder<\/strong><\/h4>\n<p>Palestrante: Reiner Leite &#8211; Especialista em Rela\u00e7\u00f5es Institucionais e Governamentais.<\/p>\n<p style=\"margin: 40px 0; margin-bottom: 10px;\">09h30 \u2013 11h00<br \/>\nPALESTRA 02<\/p>\n<h4 style=\"color:#DADADA;\"><strong>Tribunal de Contas e a Fiscaliza\u00e7\u00e3o das Autarquias de Profiss\u00f5es Regulamentadas: Inova\u00e7\u00e3o e Uso de Intelig\u00eancia Artificial<\/strong><\/h4>\n<p>Palestrante: Ministro Benjamin Zymler &#8211; Tribunal de Contas da Uni\u00e3o.<\/p>\n<p style=\"margin: 40px 0;\">11h00 \u2013 11h30<br \/>\nCOFFEE BREAK<\/p>\n<p style=\"margin: 40px 0; margin-bottom: 10px;\">11h30 \u2013 12h30<br \/>\nPALESTRA 03<\/p>\n<h4 style=\"color:#DADADA;\"><strong>Or\u00e7amento Estrat\u00e9gico e Verbas Indenizat\u00f3rias<\/strong><\/h4>\n<p>Palestrante: Ministro Andr\u00e9 Lu\u00eds de Carvalho &#8211; Tribunal de Contas da Uni\u00e3o.<\/p>\n<p style=\"margin: 40px 0;\">12h30 \u2013 14h00<br \/>\nALMO\u00c7O LIVRE<\/p>\n<p style=\"margin: 40px 0; margin-bottom: 10px;\">14h00 \u2013 14h30<br \/>\nPALESTRA 01<\/p>\n<h4 style=\"color:#DADADA;\"><strong>Preven\u00e7\u00e3o, Conformidade e Resultado: A Tr\u00edade dos Controles Internos Modernos<\/strong><\/h4>\n<p><strong>Palestrante: F\u00e1bio da Silva Gargano<\/strong> &#8211; Especialista em Contabilidade P\u00fablica, Auditoria e Finan\u00e7as P\u00fablicas.<\/p>\n<p style=\"margin: 40px 0; margin-bottom: 10px;\">14h30 \u2013 15h00<br \/>\nPALESTRA 02<\/p>\n<h4 style=\"color:#DADADA;\"><strong>O Poder de Pol\u00edcia dos Conselhos de Profiss\u00f5es Regulamentadas<\/strong><\/h4>\n<p><strong>Palestrante: Carlos Alberto de Medeiros<\/strong> &#8211; Assessor Jur\u00eddico do CONFERE.<\/p>\n<p style=\"margin: 40px 0; margin-bottom: 10px;\">15h00 \u2013 16h00<br \/>\nPALESTRA 03<\/p>\n<h4 style=\"color:#DADADA;\"><strong>Integridade e Combate \u00e0 Corrup\u00e7\u00e3o<\/strong><\/h4>\n<p>Palestrante: Bruno Affonso &#8211; Auditor Federal de Finan\u00e7as e Controle da CGU.<\/p>\n<p style=\"margin: 40px 0;\">16h00 \u2013 16h30<br \/>\nCOFFEE BREAK<\/p>\n<p style=\"margin: 40px 0; margin-bottom: 10px;\">16h30 \u2013 18h00<br \/>\nPALESTRA 04<\/p>\n<h4 style=\"color:#DADADA;\"><strong>\u00c9tica P\u00fablica e Responsabilidade Institucional &#8211; Foco nos Conselhos de Profiss\u00f5es Regulamentadas<\/strong><\/h4>\n<p>Palestrante: Disney Rosseti &#8211; Delegado da Pol\u00edcia Federal.<\/p>\n<hr>\n<p><strong>10\/12\/2025 \u2013 Quarta-feira<\/strong><\/p>\n<p style=\"margin: 40px 0; margin-bottom: 10px;\">08h30 \u2013 09h30<br \/>\nPALESTRA 01<\/p>\n<h4 style=\"color:#DADADA;\"><strong>Rela\u00e7\u00f5es com \u00d3rg\u00e3os de Controle<\/strong><\/h4>\n<p><strong>Palestrante: Carolina Carballido<\/strong> &#8211; Assessora Especial de Controle Interno do MAPA.<\/p>\n<p style=\"margin: 40px 0; margin-bottom: 10px;\">09h30 \u2013 10h30<br \/>\nPALESTRA 02<\/p>\n<h4 style=\"color:#DADADA;\"><strong>Papel dos Dirigentes no Enfrentamento ao Ass\u00e9dio e Discrimina\u00e7\u00e3o<\/strong><\/h4>\n<p>Palestrante: Rose Cyrillo &#8211; Pesquisadora e especialista em Ouvidoria e Integridade.<\/p>\n<p style=\"margin: 40px 0;\">10h30 \u2013 11h00<br \/>\nCOFFEE BREAK<\/p>\n<p style=\"margin: 40px 0; margin-bottom: 10px;\">11h00 \u2013 12h30<br \/>\nPALESTRA 03<\/p>\n<h4 style=\"color:#DADADA;\"><strong>Intelig\u00eancia Artificial e Gest\u00e3o P\u00fablica<\/strong><\/h4>\n<p>Palestrante: Alex Lopes Pereira &#8211; Professor e Doutor em Engenharia Eletr\u00f4nica.<\/p>\n<p style=\"margin: 40px 0;\">12h30 \u2013 14h00<br \/>\nALMO\u00c7O LIVRE<\/p>\n<p style=\"margin: 40px 0; margin-bottom: 10px;\">14h00 \u2013 15h00<br \/>\nPALESTRA 01<\/p>\n<h4 style=\"color:#DADADA;\"><strong>Governan\u00e7a e Gest\u00e3o P\u00fablica: Cuidados da Administra\u00e7\u00e3o<\/strong><\/h4>\n<p><strong>Palestrante: Izaac Pereira In\u00e1cio<\/strong> &#8211; Procurador-Geral do Conselho Federal dos Representantes Comerciais.<\/p>\n<p style=\"margin: 40px 0; margin-bottom: 10px;\">15h00 \u2013 16h00<br \/>\nPALESTRA 02<\/p>\n<h4 style=\"color:#DADADA;\"><strong>Desenvolvimento de Lideran\u00e7as e Forma\u00e7\u00e3o Permanente de Dirigentes\/Funcion\u00e1rios<\/strong><\/h4>\n<p>Palestrante: Gil Pinto Loja Neto &#8211; Auditor Federal da CGU.<\/p>\n<p style=\"margin: 40px 0;\">16h00 \u2013 16h30<br \/>\nCOFFEE BREAK<\/p>\n<p style=\"margin: 40px 0; margin-bottom: 10px;\">16h30 \u2013 17h30<br \/>\nPALESTRA 03<\/p>\n<h4 style=\"color:#DADADA;\"><strong>Riscos e Responsabilidades em Licita\u00e7\u00f5es \u2014 Lei n\u00ba 14.133\/21<\/strong><\/h4>\n<p>Palestrante: Jacoby Fernandes &#8211; Advogado e palestrante de renome nacional.<\/p>\n<p style=\"margin: 40px 0;\">17h30 \u2013 18h00<br \/>\nENCERRAMENTO<\/p>\n<p style=\"text-align:center; margin-top:40px;\">\n\t<strong>Local:<\/strong> Windsor Plaza Bras\u00edlia &#8211; Sal\u00e3o Paris &#8211; Subsolo<br \/>\nSHS, Quadra 05, Bloco H &#8211; Asa Sul, Bras\u00edlia &#8211; DF<\/p>\n<\/div>\n","protected":false},"excerpt":{"rendered":"<p>08\/12\/2025 \u2013 Segunda-feira 13h30 \u2013 14h00 CREDENCIAMENTO 14h00 \u2013 15h00 ABERTURA CONFERE 15h00 \u2013 16h00 PALESTRA 01 Novas Regras na Presta\u00e7\u00e3o de Contas e Transpar\u00eancia dos Conselhos Profissionais &#8211; Acompanhamento Cont\u00ednuo nas Indeniza\u00e7\u00f5es Palestrante: Jo\u00e3o Manoel da Silva Dion\u00edsio &#8211; Diretor de Fiscaliza\u00e7\u00e3o dos Conselhos Profissionais do TCU. 16h00 \u2013 16h30 COFFEE BREAK 16h30 \u2013 &hellip; <\/p>\n<p class=\"link-more\"><a href=\"https:\/\/www.confere.org.br\/wordpress\/programacao-seminario\/\" class=\"more-link\">Continue lendo<span class=\"screen-reader-text\"> &#8220;Programa\u00e7\u00e3o Semin\u00e1rio&#8221;<\/span><\/a><\/p>\n","protected":false},"author":1,"featured_media":0,"comment_status":"closed","ping_status":"closed","sticky":false,"template":"","format":"standard","meta":[],"categories":[68],"tags":[],"_links":{"self":[{"href":"https:\/\/www.confere.org.br\/wordpress\/wp-json\/wp\/v2\/posts\/17851"}],"collection":[{"href":"https:\/\/www.confere.org.br\/wordpress\/wp-json\/wp\/v2\/posts"}],"about":[{"href":"https:\/\/www.confere.org.br\/wordpress\/wp-json\/wp\/v2\/types\/post"}],"author":[{"embeddable":true,"href":"https:\/\/www.confere.org.br\/wordpress\/wp-json\/wp\/v2\/users\/1"}],"replies":[{"embeddable":true,"href":"https:\/\/www.confere.org.br\/wordpress\/wp-json\/wp\/v2\/comments?post=17851"}],"version-history":[{"count":56,"href":"https:\/\/www.confere.org.br\/wordpress\/wp-json\/wp\/v2\/posts\/17851\/revisions"}],"predecessor-version":[{"id":18006,"href":"https:\/\/www.confere.org.br\/wordpress\/wp-json\/wp\/v2\/posts\/17851\/revisions\/18006"}],"wp:attachment":[{"href":"https:\/\/www.confere.org.br\/wordpress\/wp-json\/wp\/v2\/media?parent=17851"}],"wp:term":[{"taxonomy":"category","embeddable":true,"href":"https:\/\/www.confere.org.br\/wordpress\/wp-json\/wp\/v2\/categories?post=17851"},{"taxonomy":"post_tag","embeddable":true,"href":"https:\/\/www.confere.org.br\/wordpress\/wp-json\/wp\/v2\/tags?post=17851"}],"curies":[{"name":"wp","href":"https:\/\/api.w.org\/{rel}","templated":true}]}}