{"id":17876,"date":"2025-12-04T09:31:35","date_gmt":"2025-12-04T12:31:35","guid":{"rendered":"https:\/\/www.confere.org.br\/wordpress\/?p=17876"},"modified":"2025-12-30T16:18:11","modified_gmt":"2025-12-30T19:18:11","slug":"processo-administrativo-07-2025-pregao-90008-2025-contratacao-de-servicos-terceirizados-para-o-confere","status":"publish","type":"post","link":"https:\/\/www.confere.org.br\/wordpress\/processo-administrativo-07-2025-pregao-90008-2025-contratacao-de-servicos-terceirizados-para-o-confere\/","title":{"rendered":"Processo Administrativo 07\/2025 &#8211;  Contrata\u00e7\u00e3o de servi\u00e7os terceirizados para o Confere &#8211; PREG\u00c3O ELETR\u00d4NICO SRP N\u00ba 90008\/2025"},"content":{"rendered":"\n<p><a href=\"https:\/\/www.confere.org.br\/wordpress\/wp-content\/uploads\/2025\/12\/Edital-Servicos-Terceirizados-Completo-2.pdf\" target=\"_blank\" rel=\"noopener\">Edital<\/a><\/p>\n<p><a href=\"https:\/\/www.confere.org.br\/wordpress\/wp-content\/uploads\/2025\/12\/Publicacao-DOU.pdf\" target=\"_blank\" rel=\"noopener\">Publica\u00e7\u00e3o DOU<\/a><\/p>\n<p><a href=\"https:\/\/www.confere.org.br\/wordpress\/wp-content\/uploads\/2025\/12\/Publicacao-Jornal-CONFERE-02-12.pdf\" target=\"_blank\" rel=\"noopener\">Publica\u00e7\u00e3o no Jornal de Bras\u00edlia<\/a><\/p>\n<p>Link do PNCP:\u00a0<a id=\"OWAd07c61e7-8d3b-b502-b443-5ab1ac14ce82\" class=\"x_OWAAutoLink\" title=\"https:\/\/pncp.gov.br\/app\/editais\/34046367000168\/2025\/33\" href=\"https:\/\/pncp.gov.br\/app\/editais\/34046367000168\/2025\/33\" target=\"_blank\" rel=\"noopener noreferrer\" data-auth=\"NotApplicable\" data-linkindex=\"0\">https:\/\/pncp.gov.br\/app\/editais\/34046367000168\/2025\/33<\/a>\u00a0<\/p>\n<p><a href=\"https:\/\/www.confere.org.br\/wordpress\/wp-content\/uploads\/2025\/12\/relatorio-termo-homologacao-38904705900082025-grupo1.pdf\" target=\"_blank\" rel=\"noopener\"><span data-olk-copy-source=\"MessageBody\">Termo de Homologa\u00e7\u00e3o<\/span><\/a><\/p>\n<p>\u00a0<\/p>\n","protected":false},"excerpt":{"rendered":"<p>Edital Publica\u00e7\u00e3o DOU Publica\u00e7\u00e3o no Jornal de Bras\u00edlia Link do PNCP:\u00a0https:\/\/pncp.gov.br\/app\/editais\/34046367000168\/2025\/33\u00a0 Termo de Homologa\u00e7\u00e3o \u00a0<\/p>\n","protected":false},"author":9,"featured_media":0,"comment_status":"closed","ping_status":"closed","sticky":false,"template":"","format":"standard","meta":[],"categories":[32],"tags":[],"_links":{"self":[{"href":"https:\/\/www.confere.org.br\/wordpress\/wp-json\/wp\/v2\/posts\/17876"}],"collection":[{"href":"https:\/\/www.confere.org.br\/wordpress\/wp-json\/wp\/v2\/posts"}],"about":[{"href":"https:\/\/www.confere.org.br\/wordpress\/wp-json\/wp\/v2\/types\/post"}],"author":[{"embeddable":true,"href":"https:\/\/www.confere.org.br\/wordpress\/wp-json\/wp\/v2\/users\/9"}],"replies":[{"embeddable":true,"href":"https:\/\/www.confere.org.br\/wordpress\/wp-json\/wp\/v2\/comments?post=17876"}],"version-history":[{"count":4,"href":"https:\/\/www.confere.org.br\/wordpress\/wp-json\/wp\/v2\/posts\/17876\/revisions"}],"predecessor-version":[{"id":18134,"href":"https:\/\/www.confere.org.br\/wordpress\/wp-json\/wp\/v2\/posts\/17876\/revisions\/18134"}],"wp:attachment":[{"href":"https:\/\/www.confere.org.br\/wordpress\/wp-json\/wp\/v2\/media?parent=17876"}],"wp:term":[{"taxonomy":"category","embeddable":true,"href":"https:\/\/www.confere.org.br\/wordpress\/wp-json\/wp\/v2\/categories?post=17876"},{"taxonomy":"post_tag","embeddable":true,"href":"https:\/\/www.confere.org.br\/wordpress\/wp-json\/wp\/v2\/tags?post=17876"}],"curies":[{"name":"wp","href":"https:\/\/api.w.org\/{rel}","templated":true}]}}