{"id":17883,"date":"2025-12-04T10:48:12","date_gmt":"2025-12-04T13:48:12","guid":{"rendered":"https:\/\/www.confere.org.br\/wordpress\/?p=17883"},"modified":"2025-12-04T10:48:12","modified_gmt":"2025-12-04T13:48:12","slug":"confere-empossa-nova-diretoria-do-core-rj-para-o-trienio-2026-2029","status":"publish","type":"post","link":"https:\/\/www.confere.org.br\/wordpress\/confere-empossa-nova-diretoria-do-core-rj-para-o-trienio-2026-2029\/","title":{"rendered":"Confere empossa nova Diretoria do Core-RJ para o tri\u00eanio 2026\/2029"},"content":{"rendered":"\n<p>O Confere realizou, no dia 26 de novembro, a cerim\u00f4nia de posse da nova Diretoria do Core-RJ que conduzir\u00e1 o Regional no tri\u00eanio 2026\/2029 \u00e0 partir de 03 de janeiro de 2026. O ato solene marcou a transi\u00e7\u00e3o administrativa e reafirmou o compromisso da entidade com a valoriza\u00e7\u00e3o, a fiscaliza\u00e7\u00e3o e o fortalecimento da Representa\u00e7\u00e3o Comercial no estado.<br \/>Durante a solenidade, o novo diretor-presidente, Derlin Jos\u00e9 Guimar\u00e3es Rodrigues, destacou o prop\u00f3sito de uma atua\u00e7\u00e3o pautada pela responsabilidade institucional, pelo di\u00e1logo pr\u00f3ximo com a categoria e pelo aprimoramento cont\u00ednuo das entregas do Conselho.<\/p>\n<p>\u201cAssumimos este mandato com a firme inten\u00e7\u00e3o de fortalecer nossos processos, modernizar a atua\u00e7\u00e3o fiscalizat\u00f3ria e ampliar a proximidade com os representantes comerciais. Nosso compromisso \u00e9 trabalhar por uma gest\u00e3o eficiente, transparente e alinhada \u00e0s demandas reais da categoria\u201d, afirmou.<\/p>\n<p>O presidente do Confere, Archimedes Cavalcanti J\u00fanior, reconheceu o trabalho desenvolvido pela diretoria que encerra o tri\u00eanio 2023\/2026 e ressaltou que o novo per\u00edodo se inicia sobre bases s\u00f3lidas, estruturadas por uma condu\u00e7\u00e3o respons\u00e1vel e orientada ao avan\u00e7o institucional:<\/p>\n<p>\u201cO Core-RJ inicia um novo ciclo sustentado por um alicerce constru\u00eddo com dedica\u00e7\u00e3o e seriedade. A nova diretoria assume o desafio de aprofundar esse trabalho, consolidando boas pr\u00e1ticas de governan\u00e7a, qualificando o atendimento aos profissionais e ampliando a presen\u00e7a institucional do Sistema no estado. Desejamos uma gest\u00e3o produtiva, comprometida e capaz de contribuir de forma estrat\u00e9gica para o desenvolvimento da Representa\u00e7\u00e3o Comercial no Rio de Janeiro\u201d, declarou.<\/p>\n<h3>Nova composi\u00e7\u00e3o do Core-RJ<\/h3>\n<p>Diretoria Executiva<\/p>\n<ul>\n<li>Diretor-Presidente: Derlin Jos\u00e9 Guimar\u00e3es Rodrigues<\/li>\n<li>Diretor-Secret\u00e1rio: Alexandre Santos Cordeiro<\/li>\n<li>Diretor-Tesoureiro: F\u00e1bio Michel Freitas da Silva<\/li>\n<\/ul>\n<p>Comiss\u00e3o Fiscal<\/p>\n<ul>\n<li>Fernando Hebia Dias<\/li>\n<li>Thiago Alves Pel\u00fazio<\/li>\n<li>Marcelo Martino e Silva<\/li>\n<\/ul>\n<p>Diretoria Suplente<\/p>\n<ul>\n<li>1\u00ba Diretor Suplente: Ademir Mozer Dias<\/li>\n<li>2\u00ba Diretor Suplente: Marco Ant\u00f4nio Cardoso Faria<\/li>\n<li>3\u00ba Diretor Suplente: Luiz Carlos de Souza Junior<\/li>\n<\/ul>\n<p>Delegados junto ao Confere:<\/p>\n<ul>\n<li>Efetivos: Fernando Hebia Dias e Thiago Alves Pel\u00fazio<\/li>\n<li>Suplentes: Ademir Mozer Dias e Alexandre Santos Cordeiro<\/li>\n<\/ul>\n","protected":false},"excerpt":{"rendered":"<p>O Confere realizou, no dia 26 de novembro, a cerim\u00f4nia de posse da nova Diretoria do Core-RJ que conduzir\u00e1 o Regional no tri\u00eanio 2026\/2029 \u00e0 partir de 03 de janeiro de 2026. O ato solene marcou a transi\u00e7\u00e3o administrativa e reafirmou o compromisso da entidade com a valoriza\u00e7\u00e3o, a fiscaliza\u00e7\u00e3o e o fortalecimento da Representa\u00e7\u00e3o &hellip; <\/p>\n<p class=\"link-more\"><a href=\"https:\/\/www.confere.org.br\/wordpress\/confere-empossa-nova-diretoria-do-core-rj-para-o-trienio-2026-2029\/\" class=\"more-link\">Continue lendo<span class=\"screen-reader-text\"> &#8220;Confere empossa nova Diretoria do Core-RJ para o tri\u00eanio 2026\/2029&#8221;<\/span><\/a><\/p>\n","protected":false},"author":9,"featured_media":17884,"comment_status":"closed","ping_status":"closed","sticky":false,"template":"","format":"standard","meta":[],"categories":[34,49],"tags":[],"_links":{"self":[{"href":"https:\/\/www.confere.org.br\/wordpress\/wp-json\/wp\/v2\/posts\/17883"}],"collection":[{"href":"https:\/\/www.confere.org.br\/wordpress\/wp-json\/wp\/v2\/posts"}],"about":[{"href":"https:\/\/www.confere.org.br\/wordpress\/wp-json\/wp\/v2\/types\/post"}],"author":[{"embeddable":true,"href":"https:\/\/www.confere.org.br\/wordpress\/wp-json\/wp\/v2\/users\/9"}],"replies":[{"embeddable":true,"href":"https:\/\/www.confere.org.br\/wordpress\/wp-json\/wp\/v2\/comments?post=17883"}],"version-history":[{"count":2,"href":"https:\/\/www.confere.org.br\/wordpress\/wp-json\/wp\/v2\/posts\/17883\/revisions"}],"predecessor-version":[{"id":18128,"href":"https:\/\/www.confere.org.br\/wordpress\/wp-json\/wp\/v2\/posts\/17883\/revisions\/18128"}],"wp:featuredmedia":[{"embeddable":true,"href":"https:\/\/www.confere.org.br\/wordpress\/wp-json\/wp\/v2\/media\/17884"}],"wp:attachment":[{"href":"https:\/\/www.confere.org.br\/wordpress\/wp-json\/wp\/v2\/media?parent=17883"}],"wp:term":[{"taxonomy":"category","embeddable":true,"href":"https:\/\/www.confere.org.br\/wordpress\/wp-json\/wp\/v2\/categories?post=17883"},{"taxonomy":"post_tag","embeddable":true,"href":"https:\/\/www.confere.org.br\/wordpress\/wp-json\/wp\/v2\/tags?post=17883"}],"curies":[{"name":"wp","href":"https:\/\/api.w.org\/{rel}","templated":true}]}}