{"id":17957,"date":"2025-12-09T08:53:31","date_gmt":"2025-12-09T11:53:31","guid":{"rendered":"https:\/\/www.confere.org.br\/wordpress\/?p=17957"},"modified":"2025-12-09T08:53:32","modified_gmt":"2025-12-09T11:53:32","slug":"09-de-dezembro-de-2025-60-anos-do-sistema-confere-cores","status":"publish","type":"post","link":"https:\/\/www.confere.org.br\/wordpress\/09-de-dezembro-de-2025-60-anos-do-sistema-confere-cores\/","title":{"rendered":"09 de Dezembro de 2025: 60 anos do Sistema Confere\/Cores"},"content":{"rendered":"\n<p>Hoje, dia 09 de dezembro de 2025, os Representantes Comerciais celebram os 60 anos da regulamenta\u00e7\u00e3o da profiss\u00e3o. Em 1965, a Lei 4.886 reconheceu e estruturou a profiss\u00e3o de representante comercial no Brasil, garantindo direitos e permitindo a cria\u00e7\u00e3o do Conselho Federal de Representantes Comerciais (Confere).<\/p>\n\n\n\n<p>Para celebrar a data, o presidente do Confere, Archimedes Cavalcanti J\u00fanior, concedeu uma entrevista para a TV Senado apresentando a hist\u00f3ria do Representantes Comerciais e a atua\u00e7\u00e3o do Confere, desde os caixeiros-viajantes aos representantes comerciais do s\u00e9culo 21.<\/p>\n\n\n\n<p><a href=\"https:\/\/www12.senado.leg.br\/tv\/programas\/cidadania-1\" data-type=\"URL\" data-id=\"https:\/\/www12.senado.leg.br\/tv\/programas\/cidadania-1\">Assista aqui<\/a>!<\/p>\n","protected":false},"excerpt":{"rendered":"<p>Hoje, dia 09 de dezembro de 2025, os Representantes Comerciais celebram os 60 anos da regulamenta\u00e7\u00e3o da profiss\u00e3o. Em 1965, a Lei 4.886 reconheceu e estruturou a profiss\u00e3o de representante comercial no Brasil, garantindo direitos e permitindo a cria\u00e7\u00e3o do Conselho Federal de Representantes Comerciais (Confere). Para celebrar a data, o presidente do Confere, Archimedes &hellip; <\/p>\n<p class=\"link-more\"><a href=\"https:\/\/www.confere.org.br\/wordpress\/09-de-dezembro-de-2025-60-anos-do-sistema-confere-cores\/\" class=\"more-link\">Continue lendo<span class=\"screen-reader-text\"> &#8220;09 de Dezembro de 2025: 60 anos do Sistema Confere\/Cores&#8221;<\/span><\/a><\/p>\n","protected":false},"author":8,"featured_media":17959,"comment_status":"closed","ping_status":"closed","sticky":false,"template":"","format":"standard","meta":[],"categories":[34,49],"tags":[],"_links":{"self":[{"href":"https:\/\/www.confere.org.br\/wordpress\/wp-json\/wp\/v2\/posts\/17957"}],"collection":[{"href":"https:\/\/www.confere.org.br\/wordpress\/wp-json\/wp\/v2\/posts"}],"about":[{"href":"https:\/\/www.confere.org.br\/wordpress\/wp-json\/wp\/v2\/types\/post"}],"author":[{"embeddable":true,"href":"https:\/\/www.confere.org.br\/wordpress\/wp-json\/wp\/v2\/users\/8"}],"replies":[{"embeddable":true,"href":"https:\/\/www.confere.org.br\/wordpress\/wp-json\/wp\/v2\/comments?post=17957"}],"version-history":[{"count":1,"href":"https:\/\/www.confere.org.br\/wordpress\/wp-json\/wp\/v2\/posts\/17957\/revisions"}],"predecessor-version":[{"id":17960,"href":"https:\/\/www.confere.org.br\/wordpress\/wp-json\/wp\/v2\/posts\/17957\/revisions\/17960"}],"wp:featuredmedia":[{"embeddable":true,"href":"https:\/\/www.confere.org.br\/wordpress\/wp-json\/wp\/v2\/media\/17959"}],"wp:attachment":[{"href":"https:\/\/www.confere.org.br\/wordpress\/wp-json\/wp\/v2\/media?parent=17957"}],"wp:term":[{"taxonomy":"category","embeddable":true,"href":"https:\/\/www.confere.org.br\/wordpress\/wp-json\/wp\/v2\/categories?post=17957"},{"taxonomy":"post_tag","embeddable":true,"href":"https:\/\/www.confere.org.br\/wordpress\/wp-json\/wp\/v2\/tags?post=17957"}],"curies":[{"name":"wp","href":"https:\/\/api.w.org\/{rel}","templated":true}]}}