{"id":18007,"date":"2025-12-09T19:46:03","date_gmt":"2025-12-09T22:46:03","guid":{"rendered":"https:\/\/www.confere.org.br\/wordpress\/?p=18007"},"modified":"2025-12-09T19:46:04","modified_gmt":"2025-12-09T22:46:04","slug":"segundo-dia-do-seminario-nacional-do-confere-destaca-governanca-inovacao-e-fortalecimento-institucional","status":"publish","type":"post","link":"https:\/\/www.confere.org.br\/wordpress\/segundo-dia-do-seminario-nacional-do-confere-destaca-governanca-inovacao-e-fortalecimento-institucional\/","title":{"rendered":"Segundo dia do Semin\u00e1rio Nacional do Confere destaca governan\u00e7a, inova\u00e7\u00e3o e fortalecimento institucional"},"content":{"rendered":"\n<p>O segundo dia do Semin\u00e1rio Nacional de Capacita\u00e7\u00e3o e Treinamento dos Dirigentes do Sistema Confere\/Cores, realizado nesta ter\u00e7a-feira (9), manteve o foco na qualifica\u00e7\u00e3o t\u00e9cnica dos gestores, com uma programa\u00e7\u00e3o voltada \u00e0 moderniza\u00e7\u00e3o administrativa, governan\u00e7a, inova\u00e7\u00e3o e responsabilidade institucional dos Conselhos Profissionais.<\/p>\n\n\n\n<p>A manh\u00e3 come\u00e7ou com a palestra <em>\u201cRela\u00e7\u00f5es Institucionais: Articula\u00e7\u00e3o com esferas de poder\u201d<\/em>, conduzida pelo especialista Reiner Leite, que apresentou estrat\u00e9gias de relacionamento entre autarquias e os diferentes poderes, destacando a import\u00e2ncia da atua\u00e7\u00e3o institucional proativa e alinhada \u00e0s pautas de interesse p\u00fablico.<\/p>\n\n\n\n<p>Em seguida, o ministro do Tribunal de Contas da Uni\u00e3o Benjamin Zymler tratou de inova\u00e7\u00e3o e uso de intelig\u00eancia artificial no controle externo, contextualizando como essas ferramentas t\u00eam sido aplicadas na fiscaliza\u00e7\u00e3o das autarquias de profiss\u00f5es regulamentadas. A programa\u00e7\u00e3o matutina foi encerrada com a palestra do ministro Andr\u00e9 Lu\u00eds de Carvalho, tamb\u00e9m do TCU, dedicada a or\u00e7amento estrat\u00e9gico e verbas indenizat\u00f3rias, com enfoque no planejamento e na responsabilidade administrativa.<\/p>\n\n\n\n<p>No per\u00edodo da tarde, o gerente de Auditoria do Confere, F\u00e1bio da Silva Gargano, apresentou o tema <em>\u201cPreven\u00e7\u00e3o, Conformidade e Resultado: A Tr\u00edade dos Controles Internos Modernos\u201d<\/em>, ressaltando a import\u00e2ncia de controles aprimorados para garantir efici\u00eancia e seguran\u00e7a na gest\u00e3o dos Conselhos.<\/p>\n\n\n\n<p>A programa\u00e7\u00e3o t\u00e9cnica continuou com a palestra <em>\u201cIntegridade e Combate \u00e0 Corrup\u00e7\u00e3o\u201d<\/em>, ministrada pelo auditor federal Bruno Affonso, que destacou diretrizes de integridade e boas pr\u00e1ticas de controle interno. Na sequ\u00eancia, o assessor jur\u00eddico do Confere, Carlos Alberto de Medeiros, abordou o poder de pol\u00edcia das autarquias profissionais, enfatizando os fundamentos legais que orientam sua aplica\u00e7\u00e3o.<\/p>\n\n\n\n<p>O dia foi encerrado pelo delegado da Pol\u00edcia Federal Disney Rosseti, que tratou de \u00e9tica p\u00fablica e responsabilidade institucional, com foco na atua\u00e7\u00e3o dos dirigentes de Conselhos Profissionais.<\/p>\n\n\n\n<p>Com debates qualificados e a participa\u00e7\u00e3o de especialistas de refer\u00eancia nacional, o segundo dia do Semin\u00e1rio refor\u00e7ou o compromisso do Confere com a gest\u00e3o moderna, a conformidade e o desenvolvimento cont\u00ednuo das lideran\u00e7as do Sistema. O encontro segue at\u00e9 esta quarta-feira, com novos conte\u00fados voltados a governan\u00e7a p\u00fablica, integridade, tecnologia, lideran\u00e7a e aperfei\u00e7oamento institucional.<\/p>\n","protected":false},"excerpt":{"rendered":"<p>O segundo dia do Semin\u00e1rio Nacional de Capacita\u00e7\u00e3o e Treinamento dos Dirigentes do Sistema Confere\/Cores, realizado nesta ter\u00e7a-feira (9), manteve o foco na qualifica\u00e7\u00e3o t\u00e9cnica dos gestores, com uma programa\u00e7\u00e3o voltada \u00e0 moderniza\u00e7\u00e3o administrativa, governan\u00e7a, inova\u00e7\u00e3o e responsabilidade institucional dos Conselhos Profissionais. A manh\u00e3 come\u00e7ou com a palestra \u201cRela\u00e7\u00f5es Institucionais: Articula\u00e7\u00e3o com esferas de poder\u201d, &hellip; <\/p>\n<p class=\"link-more\"><a href=\"https:\/\/www.confere.org.br\/wordpress\/segundo-dia-do-seminario-nacional-do-confere-destaca-governanca-inovacao-e-fortalecimento-institucional\/\" class=\"more-link\">Continue lendo<span class=\"screen-reader-text\"> &#8220;Segundo dia do Semin\u00e1rio Nacional do Confere destaca governan\u00e7a, inova\u00e7\u00e3o e fortalecimento institucional&#8221;<\/span><\/a><\/p>\n","protected":false},"author":9,"featured_media":18008,"comment_status":"closed","ping_status":"closed","sticky":false,"template":"","format":"standard","meta":[],"categories":[34,49],"tags":[],"_links":{"self":[{"href":"https:\/\/www.confere.org.br\/wordpress\/wp-json\/wp\/v2\/posts\/18007"}],"collection":[{"href":"https:\/\/www.confere.org.br\/wordpress\/wp-json\/wp\/v2\/posts"}],"about":[{"href":"https:\/\/www.confere.org.br\/wordpress\/wp-json\/wp\/v2\/types\/post"}],"author":[{"embeddable":true,"href":"https:\/\/www.confere.org.br\/wordpress\/wp-json\/wp\/v2\/users\/9"}],"replies":[{"embeddable":true,"href":"https:\/\/www.confere.org.br\/wordpress\/wp-json\/wp\/v2\/comments?post=18007"}],"version-history":[{"count":1,"href":"https:\/\/www.confere.org.br\/wordpress\/wp-json\/wp\/v2\/posts\/18007\/revisions"}],"predecessor-version":[{"id":18026,"href":"https:\/\/www.confere.org.br\/wordpress\/wp-json\/wp\/v2\/posts\/18007\/revisions\/18026"}],"wp:featuredmedia":[{"embeddable":true,"href":"https:\/\/www.confere.org.br\/wordpress\/wp-json\/wp\/v2\/media\/18008"}],"wp:attachment":[{"href":"https:\/\/www.confere.org.br\/wordpress\/wp-json\/wp\/v2\/media?parent=18007"}],"wp:term":[{"taxonomy":"category","embeddable":true,"href":"https:\/\/www.confere.org.br\/wordpress\/wp-json\/wp\/v2\/categories?post=18007"},{"taxonomy":"post_tag","embeddable":true,"href":"https:\/\/www.confere.org.br\/wordpress\/wp-json\/wp\/v2\/tags?post=18007"}],"curies":[{"name":"wp","href":"https:\/\/api.w.org\/{rel}","templated":true}]}}