{"id":18027,"date":"2025-12-10T19:02:53","date_gmt":"2025-12-10T22:02:53","guid":{"rendered":"https:\/\/www.confere.org.br\/wordpress\/?p=18027"},"modified":"2025-12-10T19:04:18","modified_gmt":"2025-12-10T22:04:18","slug":"confere-encerra-seminario-nacional-com-foco-emgovernanca-moderna-e-responsabilidade-institucional","status":"publish","type":"post","link":"https:\/\/www.confere.org.br\/wordpress\/confere-encerra-seminario-nacional-com-foco-emgovernanca-moderna-e-responsabilidade-institucional\/","title":{"rendered":"Confere encerra Semin\u00e1rio Nacional com foco em governan\u00e7a moderna e responsabilidade institucional"},"content":{"rendered":"\n<p>O terceiro e \u00faltimo dia do Semin\u00e1rio Nacional de Capacita\u00e7\u00e3o e Treinamento dos Dirigentes do Sistema Confere\/Cores, realizado nesta quarta-feira (10), consolidou o compromisso do Sistema com uma gest\u00e3o p\u00fablica moderna, \u00e9tica e alinhada \u00e0s melhores pr\u00e1ticas de administra\u00e7\u00e3o. Com uma programa\u00e7\u00e3o voltada \u00e0 governan\u00e7a, integridade, tecnologia e qualifica\u00e7\u00e3o cont\u00ednua, o encontro encerrou tr\u00eas dias de debates que ir\u00e3o fortalecer a atua\u00e7\u00e3o dos Conselhos Profissionais.<\/p>\n\n\n\n<p>A manh\u00e3 teve in\u00edcio com a palestra <em>\u201cGovernan\u00e7a e Gest\u00e3o P\u00fablica: Cuidados da Administra\u00e7\u00e3o\u201d<\/em>, conduzida pelo Procurador-Geral do Confere, Izaac Pereira In\u00e1cio. A apresenta\u00e7\u00e3o destacou que a gest\u00e3o p\u00fablica contempor\u00e2nea exige aten\u00e7\u00e3o redobrada a processos, transpar\u00eancia e responsabilidade decis\u00f3ria. Como foi ressaltado ao longo da exposi\u00e7\u00e3o, \u201cboas pr\u00e1ticas de administra\u00e7\u00e3o s\u00e3o essenciais para garantir efici\u00eancia, prevenir riscos e manter a confian\u00e7a da sociedade\u201d. O conte\u00fado refor\u00e7ou a necessidade de que dirigentes atuem com planejamento rigoroso e observ\u00e2ncia aos marcos legais que estruturam a atua\u00e7\u00e3o dos Conselhos de Fiscaliza\u00e7\u00e3o.<\/p>\n\n\n\n<p>Na sequ\u00eancia, a especialista Rose Cyrillo abordou o tema <em>\u201cPapel dos Dirigentes no Enfrentamento ao Ass\u00e9dio e \u00e0 Discrimina\u00e7\u00e3o\u201d<\/em>, trazendo reflex\u00f5es sobre cultura organizacional, preven\u00e7\u00e3o de condutas abusivas e implementa\u00e7\u00e3o de ambientes de trabalho saud\u00e1veis.<\/p>\n\n\n\n<p>Ap\u00f3s o intervalo, o professor e doutor em Engenharia Eletr\u00f4nica Alex Lopes Pereira apresentou a palestra <em>\u201cIntelig\u00eancia Artificial e Gest\u00e3o P\u00fablica\u201d<\/em>, discutindo oportunidades, desafios e aplica\u00e7\u00f5es pr\u00e1ticas das novas tecnologias no ambiente administrativo. O conte\u00fado destacou que \u201ca intelig\u00eancia artificial j\u00e1 \u00e9 parte do cotidiano da gest\u00e3o p\u00fablica\u201d, com impactos diretos em automa\u00e7\u00e3o, an\u00e1lise de dados, tomada de decis\u00e3o e melhoria dos servi\u00e7os prestados \u00e0 sociedade.<\/p>\n\n\n\n<p>A programa\u00e7\u00e3o da tarde come\u00e7ou com a palestra <em>\u201cDesenvolvimento de Lideran\u00e7as e Forma\u00e7\u00e3o Permanente de Dirigentes\/Funcion\u00e1rios\u201d<\/em>, ministrada pelo auditor federal da CGU Gil Loja. A apresenta\u00e7\u00e3o enfatizou que a forma\u00e7\u00e3o de lideran\u00e7as \u00e9 um processo estrat\u00e9gico e cont\u00ednuo, essencial para a consolida\u00e7\u00e3o de equipes qualificadas e de pr\u00e1ticas administrativas sustent\u00e1veis.<\/p>\n\n\n\n<p>Encerrando o semin\u00e1rio, o advogado e especialista Jacoby Fernandes conduziu a palestra <em>\u201cRiscos e Responsabilidades em Licita\u00e7\u00f5es \u2014 Lei n\u00ba 14.133\/21\u201d<\/em>, abordando aspectos cr\u00edticos da nova legisla\u00e7\u00e3o, cuidados na tomada de decis\u00e3o e fundamentos que garantem seguran\u00e7a jur\u00eddica.<\/p>\n\n\n\n<p>Com o encerramento do terceiro dia, o Semin\u00e1rio Nacional de Capacita\u00e7\u00e3o e Treinamento reafirmou a prioridade do Confere em promover conhecimento t\u00e9cnico, governan\u00e7a moderna e aprimoramento cont\u00ednuo. Ao longo dos tr\u00eas dias de programa\u00e7\u00e3o, o evento fortaleceu a integra\u00e7\u00e3o entre os Regionais, consolidou diretrizes estrat\u00e9gicas e contribuiu para elevar o padr\u00e3o de atua\u00e7\u00e3o da Representa\u00e7\u00e3o Comercial em todo o pa\u00eds. <\/p>\n\n\n\n<p><\/p>\n","protected":false},"excerpt":{"rendered":"<p>O terceiro e \u00faltimo dia do Semin\u00e1rio Nacional de Capacita\u00e7\u00e3o e Treinamento dos Dirigentes do Sistema Confere\/Cores, realizado nesta quarta-feira (10), consolidou o compromisso do Sistema com uma gest\u00e3o p\u00fablica moderna, \u00e9tica e alinhada \u00e0s melhores pr\u00e1ticas de administra\u00e7\u00e3o. Com uma programa\u00e7\u00e3o voltada \u00e0 governan\u00e7a, integridade, tecnologia e qualifica\u00e7\u00e3o cont\u00ednua, o encontro encerrou tr\u00eas dias &hellip; <\/p>\n<p class=\"link-more\"><a href=\"https:\/\/www.confere.org.br\/wordpress\/confere-encerra-seminario-nacional-com-foco-emgovernanca-moderna-e-responsabilidade-institucional\/\" class=\"more-link\">Continue lendo<span class=\"screen-reader-text\"> &#8220;Confere encerra Semin\u00e1rio Nacional com foco em governan\u00e7a moderna e responsabilidade institucional&#8221;<\/span><\/a><\/p>\n","protected":false},"author":9,"featured_media":18042,"comment_status":"closed","ping_status":"closed","sticky":false,"template":"","format":"standard","meta":[],"categories":[34,49],"tags":[],"_links":{"self":[{"href":"https:\/\/www.confere.org.br\/wordpress\/wp-json\/wp\/v2\/posts\/18027"}],"collection":[{"href":"https:\/\/www.confere.org.br\/wordpress\/wp-json\/wp\/v2\/posts"}],"about":[{"href":"https:\/\/www.confere.org.br\/wordpress\/wp-json\/wp\/v2\/types\/post"}],"author":[{"embeddable":true,"href":"https:\/\/www.confere.org.br\/wordpress\/wp-json\/wp\/v2\/users\/9"}],"replies":[{"embeddable":true,"href":"https:\/\/www.confere.org.br\/wordpress\/wp-json\/wp\/v2\/comments?post=18027"}],"version-history":[{"count":2,"href":"https:\/\/www.confere.org.br\/wordpress\/wp-json\/wp\/v2\/posts\/18027\/revisions"}],"predecessor-version":[{"id":18046,"href":"https:\/\/www.confere.org.br\/wordpress\/wp-json\/wp\/v2\/posts\/18027\/revisions\/18046"}],"wp:featuredmedia":[{"embeddable":true,"href":"https:\/\/www.confere.org.br\/wordpress\/wp-json\/wp\/v2\/media\/18042"}],"wp:attachment":[{"href":"https:\/\/www.confere.org.br\/wordpress\/wp-json\/wp\/v2\/media?parent=18027"}],"wp:term":[{"taxonomy":"category","embeddable":true,"href":"https:\/\/www.confere.org.br\/wordpress\/wp-json\/wp\/v2\/categories?post=18027"},{"taxonomy":"post_tag","embeddable":true,"href":"https:\/\/www.confere.org.br\/wordpress\/wp-json\/wp\/v2\/tags?post=18027"}],"curies":[{"name":"wp","href":"https:\/\/api.w.org\/{rel}","templated":true}]}}