{"id":18047,"date":"2025-12-11T12:47:07","date_gmt":"2025-12-11T15:47:07","guid":{"rendered":"https:\/\/www.confere.org.br\/wordpress\/?p=18047"},"modified":"2025-12-11T14:41:49","modified_gmt":"2025-12-11T17:41:49","slug":"nota-de-pesar-5","status":"publish","type":"post","link":"https:\/\/www.confere.org.br\/wordpress\/nota-de-pesar-5\/","title":{"rendered":"Nota de Pesar"},"content":{"rendered":"\n<p><img class=\"alignnone size-full wp-image-18048\" src=\"https:\/\/www.confere.org.br\/wordpress\/wp-content\/uploads\/2025\/12\/imagem.png\" alt=\"\" width=\"142\" height=\"152\"><\/p>\n\n\n\n<p>O Sistema Confere\/Cores manifesta profundo pesar pelo falecimento de Joaquim da Silva Maia J\u00fanior, profissional que dedicou sua trajet\u00f3ria \u00e0 Representa\u00e7\u00e3o Comercial e prestou relevantes servi\u00e7os \u00e0 categoria em todo o pa\u00eds.<\/p>\n<p>Representante comercial por muitos anos, Joaquim teve papel destacado no fortalecimento da profiss\u00e3o no estado do Cear\u00e1, onde atuou como presidente do Core-CE, delegado do Confere e como presidente do Sirecom-CE.<\/p>\n<p>Sua atua\u00e7\u00e3o firme, \u00e9tica e comprometida deixa um legado importante para o Sistema, sendo lembrado por sua lideran\u00e7a, esp\u00edrito colaborativo e dedica\u00e7\u00e3o \u00e0 defesa dos representantes comerciais.<\/p>\n<p><span data-teams=\"true\">\u00a0<\/span><\/p>\n\n\n","protected":false},"excerpt":{"rendered":"<p>Joaquim da Silva Maia J\u00fanior<\/p>\n","protected":false},"author":3,"featured_media":14082,"comment_status":"closed","ping_status":"closed","sticky":false,"template":"","format":"standard","meta":[],"categories":[34,49,17],"tags":[],"_links":{"self":[{"href":"https:\/\/www.confere.org.br\/wordpress\/wp-json\/wp\/v2\/posts\/18047"}],"collection":[{"href":"https:\/\/www.confere.org.br\/wordpress\/wp-json\/wp\/v2\/posts"}],"about":[{"href":"https:\/\/www.confere.org.br\/wordpress\/wp-json\/wp\/v2\/types\/post"}],"author":[{"embeddable":true,"href":"https:\/\/www.confere.org.br\/wordpress\/wp-json\/wp\/v2\/users\/3"}],"replies":[{"embeddable":true,"href":"https:\/\/www.confere.org.br\/wordpress\/wp-json\/wp\/v2\/comments?post=18047"}],"version-history":[{"count":4,"href":"https:\/\/www.confere.org.br\/wordpress\/wp-json\/wp\/v2\/posts\/18047\/revisions"}],"predecessor-version":[{"id":18053,"href":"https:\/\/www.confere.org.br\/wordpress\/wp-json\/wp\/v2\/posts\/18047\/revisions\/18053"}],"wp:featuredmedia":[{"embeddable":true,"href":"https:\/\/www.confere.org.br\/wordpress\/wp-json\/wp\/v2\/media\/14082"}],"wp:attachment":[{"href":"https:\/\/www.confere.org.br\/wordpress\/wp-json\/wp\/v2\/media?parent=18047"}],"wp:term":[{"taxonomy":"category","embeddable":true,"href":"https:\/\/www.confere.org.br\/wordpress\/wp-json\/wp\/v2\/categories?post=18047"},{"taxonomy":"post_tag","embeddable":true,"href":"https:\/\/www.confere.org.br\/wordpress\/wp-json\/wp\/v2\/tags?post=18047"}],"curies":[{"name":"wp","href":"https:\/\/api.w.org\/{rel}","templated":true}]}}