{"id":18054,"date":"2025-12-11T17:58:18","date_gmt":"2025-12-11T20:58:18","guid":{"rendered":"https:\/\/www.confere.org.br\/wordpress\/?p=18054"},"modified":"2025-12-11T17:58:18","modified_gmt":"2025-12-11T20:58:18","slug":"senador-laercio-oliveira-prestigia-iii-plenaria-ordinaria-do-confere","status":"publish","type":"post","link":"https:\/\/www.confere.org.br\/wordpress\/senador-laercio-oliveira-prestigia-iii-plenaria-ordinaria-do-confere\/","title":{"rendered":"Senador La\u00e9rcio Oliveira prestigia III Plen\u00e1ria Ordin\u00e1ria do Confere"},"content":{"rendered":"\n<p>O senador La\u00e9rcio Oliveira (PP-SE) participou, nesta quinta-feira (11), da III Plen\u00e1ria Ordin\u00e1ria do Confere, realizada em Bras\u00edlia. A presen\u00e7a do parlamentar refor\u00e7ou o di\u00e1logo institucional entre o Sistema Confere\/Cores e o Congresso Nacional, especialmente em temas relacionados ao fortalecimento da Representa\u00e7\u00e3o Comercial e ao aprimoramento do marco legal da atividade.<\/p>\n<p>Durante a visita, o senador foi recebido pelo presidente do Confere, Archimedes Cavalcanti J\u00fanior, e pelos dirigentes dos Conselhos Regionais. O encontro permitiu a troca de informa\u00e7\u00f5es sobre projetos em tramita\u00e7\u00e3o, demandas da categoria e medidas que impactam diretamente o exerc\u00edcio profissional dos representantes comerciais.<\/p>\n<p>\u201c\u00c9 uma honra participar desta plen\u00e1ria. O Confere tem demonstrado compromisso com a governan\u00e7a e com a defesa t\u00e9cnica da Representa\u00e7\u00e3o Comercial, e isso refor\u00e7a a import\u00e2ncia de mantermos um di\u00e1logo permanente em prol da categoria\u201d, ressaltou o senador.<\/p>\n","protected":false},"excerpt":{"rendered":"<p>O senador La\u00e9rcio Oliveira (PP-SE) participou, nesta quinta-feira (11), da III Plen\u00e1ria Ordin\u00e1ria do Confere, realizada em Bras\u00edlia. A presen\u00e7a do parlamentar refor\u00e7ou o di\u00e1logo institucional entre o Sistema Confere\/Cores e o Congresso Nacional, especialmente em temas relacionados ao fortalecimento da Representa\u00e7\u00e3o Comercial e ao aprimoramento do marco legal da atividade. Durante a visita, o &hellip; <\/p>\n<p class=\"link-more\"><a href=\"https:\/\/www.confere.org.br\/wordpress\/senador-laercio-oliveira-prestigia-iii-plenaria-ordinaria-do-confere\/\" class=\"more-link\">Continue lendo<span class=\"screen-reader-text\"> &#8220;Senador La\u00e9rcio Oliveira prestigia III Plen\u00e1ria Ordin\u00e1ria do Confere&#8221;<\/span><\/a><\/p>\n","protected":false},"author":9,"featured_media":18055,"comment_status":"closed","ping_status":"closed","sticky":false,"template":"","format":"standard","meta":[],"categories":[34,49],"tags":[],"_links":{"self":[{"href":"https:\/\/www.confere.org.br\/wordpress\/wp-json\/wp\/v2\/posts\/18054"}],"collection":[{"href":"https:\/\/www.confere.org.br\/wordpress\/wp-json\/wp\/v2\/posts"}],"about":[{"href":"https:\/\/www.confere.org.br\/wordpress\/wp-json\/wp\/v2\/types\/post"}],"author":[{"embeddable":true,"href":"https:\/\/www.confere.org.br\/wordpress\/wp-json\/wp\/v2\/users\/9"}],"replies":[{"embeddable":true,"href":"https:\/\/www.confere.org.br\/wordpress\/wp-json\/wp\/v2\/comments?post=18054"}],"version-history":[{"count":1,"href":"https:\/\/www.confere.org.br\/wordpress\/wp-json\/wp\/v2\/posts\/18054\/revisions"}],"predecessor-version":[{"id":18063,"href":"https:\/\/www.confere.org.br\/wordpress\/wp-json\/wp\/v2\/posts\/18054\/revisions\/18063"}],"wp:featuredmedia":[{"embeddable":true,"href":"https:\/\/www.confere.org.br\/wordpress\/wp-json\/wp\/v2\/media\/18055"}],"wp:attachment":[{"href":"https:\/\/www.confere.org.br\/wordpress\/wp-json\/wp\/v2\/media?parent=18054"}],"wp:term":[{"taxonomy":"category","embeddable":true,"href":"https:\/\/www.confere.org.br\/wordpress\/wp-json\/wp\/v2\/categories?post=18054"},{"taxonomy":"post_tag","embeddable":true,"href":"https:\/\/www.confere.org.br\/wordpress\/wp-json\/wp\/v2\/tags?post=18054"}],"curies":[{"name":"wp","href":"https:\/\/api.w.org\/{rel}","templated":true}]}}