{"id":18067,"date":"2025-12-12T14:21:19","date_gmt":"2025-12-12T17:21:19","guid":{"rendered":"https:\/\/www.confere.org.br\/wordpress\/?p=18067"},"modified":"2025-12-12T14:39:32","modified_gmt":"2025-12-12T17:39:32","slug":"confere-realiza-iii-plenaria-ordinaria-e-avanca-em-pautas-estrategicas-para-2026","status":"publish","type":"post","link":"https:\/\/www.confere.org.br\/wordpress\/confere-realiza-iii-plenaria-ordinaria-e-avanca-em-pautas-estrategicas-para-2026\/","title":{"rendered":"Confere realiza III Plen\u00e1ria Ordin\u00e1ria e avan\u00e7a em pautas estrat\u00e9gicas para 2026"},"content":{"rendered":"\n<p>O Confere realizou, nos dias 11 e 12 de dezembro, a III Plen\u00e1ria Ordin\u00e1ria de 2025, encontro que reuniu dirigentes de todo o pa\u00eds para discutir temas essenciais ao planejamento, \u00e0 governan\u00e7a e ao fortalecimento institucional da Representa\u00e7\u00e3o Comercial. Ao longo dos dois dias, foram apreciadas mat\u00e9rias de ordem or\u00e7ament\u00e1ria, cont\u00e1bil, normativa e administrativa, com o objetivo de orientar as a\u00e7\u00f5es do Sistema para o pr\u00f3ximo ciclo.<\/p>\n<p>A abertura da plen\u00e1ria foi marcada pela apresenta\u00e7\u00e3o do Planejamento Or\u00e7ament\u00e1rio 2026, que delineia as diretrizes econ\u00f4micas e financeiras que nortear\u00e3o a atua\u00e7\u00e3o do Sistema Confere\/Cores no pr\u00f3ximo ano. Outro ponto central foi o Planejamento Anual das Atividades de Auditoria Interna (PAINT) para 2026, que estabelece as a\u00e7\u00f5es de controle e acompanhamento preventivo para o exerc\u00edcio. Tamb\u00e9m foram discutidas altera\u00e7\u00f5es no Manual de Auditoria. O dia foi conclu\u00eddo com a delibera\u00e7\u00e3o sobre a padroniza\u00e7\u00e3o do Plano de Contas, medida que busca uniformizar procedimentos cont\u00e1beis entre os Regionais.<\/p>\n<p>Na tarde do dia 11, Jos\u00e9 Eurico Silva Oliveira, diretor-tesoureiro do Core-MA, recebeu a Comenda Dr. Plinio Affonso de Farias Mello, mais alta honraria o Sistema Confere\/Cores, pela not\u00f3ria relev\u00e2ncia e reconhecimento, pelos servi\u00e7os prestados em prol da Representa\u00e7\u00e3o Comercial no Brasil.<\/p>\n<p>O segundo dia da plen\u00e1ria foi dedicado a temas de impacto estrat\u00e9gico para a expans\u00e3o e consolida\u00e7\u00e3o do Sistema. Um dos principais pontos foi a discuss\u00e3o sobre a expans\u00e3o das atividades institucionais no Acre, que contempla aquisi\u00e7\u00e3o de im\u00f3vel e autoriza\u00e7\u00e3o para que a Diretoria Executiva avalie a viabilidade de instala\u00e7\u00e3o de uma Regional no estado.<\/p>\n<p>Outro destaque foi a cria\u00e7\u00e3o de tr\u00eas novas Comiss\u00f5es de Trabalho, dedicadas \u00e0 elabora\u00e7\u00e3o do Manual dos Fiscais, \u00e0 revis\u00e3o da CNAE vinculada \u00e0 Representa\u00e7\u00e3o Comercial e ao acompanhamento das altera\u00e7\u00f5es no C\u00f3digo Civil previstas no PL 04\/2025.<\/p>\n<p>Para o presidente do Confere, Archimedes Cavalcanti J\u00fanior, a plen\u00e1ria refor\u00e7a o compromisso permanente com a governan\u00e7a e a moderniza\u00e7\u00e3o institucional:<br \/>\u201cAvan\u00e7amos em pautas que fortalecem a gest\u00e3o, ampliam a seguran\u00e7a jur\u00eddica e organizam as bases do Sistema Confere\/Cores para os pr\u00f3ximos anos. Cada decis\u00e3o tomada aqui reflete nosso compromisso com a transpar\u00eancia, a efici\u00eancia e o fortalecimento da Representa\u00e7\u00e3o Comercial em todo o pa\u00eds.\u201d<\/p>\n<p>Com a conclus\u00e3o dos trabalhos, a III Plen\u00e1ria Ordin\u00e1ria consolidou diretrizes essenciais para 2026 e reafirmou o papel estrat\u00e9gico do Confere na coordena\u00e7\u00e3o, orienta\u00e7\u00e3o e desenvolvimento das atividades dos Conselhos Regionais, fortalecendo o ambiente institucional que sustenta a atua\u00e7\u00e3o dos representantes comerciais no Brasil.<\/p>\n","protected":false},"excerpt":{"rendered":"<p>O Confere realizou, nos dias 11 e 12 de dezembro, a III Plen\u00e1ria Ordin\u00e1ria de 2025, encontro que reuniu dirigentes de todo o pa\u00eds para discutir temas essenciais ao planejamento, \u00e0 governan\u00e7a e ao fortalecimento institucional da Representa\u00e7\u00e3o Comercial. Ao longo dos dois dias, foram apreciadas mat\u00e9rias de ordem or\u00e7ament\u00e1ria, cont\u00e1bil, normativa e administrativa, com &hellip; <\/p>\n<p class=\"link-more\"><a href=\"https:\/\/www.confere.org.br\/wordpress\/confere-realiza-iii-plenaria-ordinaria-e-avanca-em-pautas-estrategicas-para-2026\/\" class=\"more-link\">Continue lendo<span class=\"screen-reader-text\"> &#8220;Confere realiza III Plen\u00e1ria Ordin\u00e1ria e avan\u00e7a em pautas estrat\u00e9gicas para 2026&#8221;<\/span><\/a><\/p>\n","protected":false},"author":9,"featured_media":18068,"comment_status":"closed","ping_status":"closed","sticky":false,"template":"","format":"standard","meta":[],"categories":[34,49],"tags":[],"_links":{"self":[{"href":"https:\/\/www.confere.org.br\/wordpress\/wp-json\/wp\/v2\/posts\/18067"}],"collection":[{"href":"https:\/\/www.confere.org.br\/wordpress\/wp-json\/wp\/v2\/posts"}],"about":[{"href":"https:\/\/www.confere.org.br\/wordpress\/wp-json\/wp\/v2\/types\/post"}],"author":[{"embeddable":true,"href":"https:\/\/www.confere.org.br\/wordpress\/wp-json\/wp\/v2\/users\/9"}],"replies":[{"embeddable":true,"href":"https:\/\/www.confere.org.br\/wordpress\/wp-json\/wp\/v2\/comments?post=18067"}],"version-history":[{"count":3,"href":"https:\/\/www.confere.org.br\/wordpress\/wp-json\/wp\/v2\/posts\/18067\/revisions"}],"predecessor-version":[{"id":18082,"href":"https:\/\/www.confere.org.br\/wordpress\/wp-json\/wp\/v2\/posts\/18067\/revisions\/18082"}],"wp:featuredmedia":[{"embeddable":true,"href":"https:\/\/www.confere.org.br\/wordpress\/wp-json\/wp\/v2\/media\/18068"}],"wp:attachment":[{"href":"https:\/\/www.confere.org.br\/wordpress\/wp-json\/wp\/v2\/media?parent=18067"}],"wp:term":[{"taxonomy":"category","embeddable":true,"href":"https:\/\/www.confere.org.br\/wordpress\/wp-json\/wp\/v2\/categories?post=18067"},{"taxonomy":"post_tag","embeddable":true,"href":"https:\/\/www.confere.org.br\/wordpress\/wp-json\/wp\/v2\/tags?post=18067"}],"curies":[{"name":"wp","href":"https:\/\/api.w.org\/{rel}","templated":true}]}}