{"id":1808,"date":"2019-11-21T11:47:54","date_gmt":"2019-11-21T14:47:54","guid":{"rendered":"http:\/\/www.confere.org.br\/wordpress\/?p=1808"},"modified":"2019-11-21T11:47:56","modified_gmt":"2019-11-21T14:47:56","slug":"qual-o-prazo-para-ajuizamento-de-acao-de-cobranca-da-indenizacao-devida-ao-representante-comercial-1-12","status":"publish","type":"post","link":"https:\/\/www.confere.org.br\/wordpress\/qual-o-prazo-para-ajuizamento-de-acao-de-cobranca-da-indenizacao-devida-ao-representante-comercial-1-12\/","title":{"rendered":"Qual o prazo para ajuizamento de a\u00e7\u00e3o de cobran\u00e7a da indeniza\u00e7\u00e3o devida ao representante comercial (1\/12)?"},"content":{"rendered":"\n<p>De acordo com o artigo 44, par\u00e1grafo \u00fanico da Lei n\u00ba 4.886\/1965:  \u201cPrescreve em cinco anos a a\u00e7\u00e3o do representante comercial para pleitear a retribui\u00e7\u00e3o que lhe \u00e9 devida e os demais direitos que lhe s\u00e3o garantidos.\u201d <\/p>\n","protected":false},"excerpt":{"rendered":"<p>De acordo com o artigo 44, par\u00e1grafo \u00fanico da Lei n\u00ba 4.886\/1965: \u201cPrescreve em cinco anos a a\u00e7\u00e3o do representante comercial para pleitear a retribui\u00e7\u00e3o que lhe \u00e9 devida e os demais direitos que lhe s\u00e3o garantidos.\u201d<\/p>\n","protected":false},"author":3,"featured_media":0,"comment_status":"closed","ping_status":"open","sticky":false,"template":"","format":"standard","meta":[],"categories":[30],"tags":[],"_links":{"self":[{"href":"https:\/\/www.confere.org.br\/wordpress\/wp-json\/wp\/v2\/posts\/1808"}],"collection":[{"href":"https:\/\/www.confere.org.br\/wordpress\/wp-json\/wp\/v2\/posts"}],"about":[{"href":"https:\/\/www.confere.org.br\/wordpress\/wp-json\/wp\/v2\/types\/post"}],"author":[{"embeddable":true,"href":"https:\/\/www.confere.org.br\/wordpress\/wp-json\/wp\/v2\/users\/3"}],"replies":[{"embeddable":true,"href":"https:\/\/www.confere.org.br\/wordpress\/wp-json\/wp\/v2\/comments?post=1808"}],"version-history":[{"count":1,"href":"https:\/\/www.confere.org.br\/wordpress\/wp-json\/wp\/v2\/posts\/1808\/revisions"}],"predecessor-version":[{"id":1810,"href":"https:\/\/www.confere.org.br\/wordpress\/wp-json\/wp\/v2\/posts\/1808\/revisions\/1810"}],"wp:attachment":[{"href":"https:\/\/www.confere.org.br\/wordpress\/wp-json\/wp\/v2\/media?parent=1808"}],"wp:term":[{"taxonomy":"category","embeddable":true,"href":"https:\/\/www.confere.org.br\/wordpress\/wp-json\/wp\/v2\/categories?post=1808"},{"taxonomy":"post_tag","embeddable":true,"href":"https:\/\/www.confere.org.br\/wordpress\/wp-json\/wp\/v2\/tags?post=1808"}],"curies":[{"name":"wp","href":"https:\/\/api.w.org\/{rel}","templated":true}]}}