{"id":181,"date":"2019-09-11T15:11:18","date_gmt":"2019-09-11T18:11:18","guid":{"rendered":"http:\/\/confere.org.br\/wordpress\/?p=181"},"modified":"2019-10-10T16:59:09","modified_gmt":"2019-10-10T19:59:09","slug":"181-2","status":"publish","type":"post","link":"https:\/\/www.confere.org.br\/wordpress\/181-2\/","title":{"rendered":"D\u00favida 1"},"content":{"rendered":"\n<h2>Qual a documenta\u00e7\u00e3o necess\u00e1ria para realizar o registro no Core (pessoa natural e sociedade)?<\/h2>\n\n\n\n<h4>Pessoa Natural<\/h4>\n\n\n\n<ul><li> Xerox&nbsp;da&nbsp;identidade; <\/li><li> Xerox&nbsp;do CPF;<\/li><li> Xerox&nbsp;da&nbsp;prova&nbsp;de&nbsp;quita\u00e7\u00e3o&nbsp;com&nbsp;o&nbsp;Servi\u00e7o&nbsp;Militar&nbsp;Obrigat\u00f3rio&nbsp;(exceto&nbsp;para&nbsp;estrangeiros);&nbsp; <\/li><li>Xerox&nbsp;do&nbsp;t\u00edtulo&nbsp;de&nbsp;eleitor&nbsp;e&nbsp;do&nbsp;comprovante&nbsp;de&nbsp;voto&nbsp;da&nbsp;\u00faltima&nbsp;elei\u00e7\u00e3o&nbsp;(exceto&nbsp;para&nbsp;estrangeiros); <\/li><li> 03&nbsp;fotos&nbsp;3&nbsp;x&nbsp;4,&nbsp;sem&nbsp;data,&nbsp;para&nbsp;a&nbsp;carteira&nbsp;(opcional); <\/li><li> Comprovante&nbsp;de&nbsp;resid\u00eancia; <\/li><li> Quita\u00e7\u00e3o&nbsp;da&nbsp;contribui\u00e7\u00e3o&nbsp;Sindical <\/li><\/ul>\n\n\n\n<h4>Sociedade<\/h4>\n\n\n\n<ul><li> Prova&nbsp;da&nbsp;exist\u00eancia&nbsp;legal:&nbsp;xerox&nbsp;da&nbsp;exist\u00eancia&nbsp;legal&nbsp;da&nbsp;sociedade; <ul><li> a)&nbsp;Declara\u00e7\u00e3o&nbsp;de&nbsp;Firma&nbsp;Individual&nbsp;e&nbsp;CNPJ; <\/li><li>b)&nbsp;Xerox&nbsp;do&nbsp;Estatuto&nbsp;ou&nbsp;Contrato&nbsp;Social,&nbsp;com&nbsp;as&nbsp;eventuais&nbsp;altera\u00e7\u00f5es&nbsp;contratuais,&nbsp;e&nbsp;o CNPJ; <\/li><\/ul><\/li><li> Ata&nbsp;da&nbsp;Assembl\u00e9ia&nbsp;Geral,&nbsp;arquivada&nbsp;na&nbsp;Jucerja&nbsp;ou&nbsp;no&nbsp;cart\u00f3rio&nbsp;do&nbsp;RCPJ;&nbsp; <\/li><li> Xerox&nbsp;da&nbsp;identidade,&nbsp;do&nbsp;CPF&nbsp;e&nbsp;do&nbsp;comprovante&nbsp;de&nbsp;resid\u00eancia&nbsp;do&nbsp;s\u00f3cio&nbsp;respons\u00e1vel; <\/li><li> Quita\u00e7\u00e3o&nbsp;da&nbsp;contribui\u00e7\u00e3o&nbsp;Sindical.<\/li><\/ul>\n","protected":false},"excerpt":{"rendered":"<p>Qual a documenta\u00e7\u00e3o necess\u00e1ria para realizar o registro no Core (pessoa natural e sociedade)? Pessoa Natural Xerox&nbsp;da&nbsp;identidade; Xerox&nbsp;do CPF; Xerox&nbsp;da&nbsp;prova&nbsp;de&nbsp;quita\u00e7\u00e3o&nbsp;com&nbsp;o&nbsp;Servi\u00e7o&nbsp;Militar&nbsp;Obrigat\u00f3rio&nbsp;(exceto&nbsp;para&nbsp;estrangeiros);&nbsp; Xerox&nbsp;do&nbsp;t\u00edtulo&nbsp;de&nbsp;eleitor&nbsp;e&nbsp;do&nbsp;comprovante&nbsp;de&nbsp;voto&nbsp;da&nbsp;\u00faltima&nbsp;elei\u00e7\u00e3o&nbsp;(exceto&nbsp;para&nbsp;estrangeiros); 03&nbsp;fotos&nbsp;3&nbsp;x&nbsp;4,&nbsp;sem&nbsp;data,&nbsp;para&nbsp;a&nbsp;carteira&nbsp;(opcional); Comprovante&nbsp;de&nbsp;resid\u00eancia; Quita\u00e7\u00e3o&nbsp;da&nbsp;contribui\u00e7\u00e3o&nbsp;Sindical Sociedade Prova&nbsp;da&nbsp;exist\u00eancia&nbsp;legal:&nbsp;xerox&nbsp;da&nbsp;exist\u00eancia&nbsp;legal&nbsp;da&nbsp;sociedade; a)&nbsp;Declara\u00e7\u00e3o&nbsp;de&nbsp;Firma&nbsp;Individual&nbsp;e&nbsp;CNPJ; b)&nbsp;Xerox&nbsp;do&nbsp;Estatuto&nbsp;ou&nbsp;Contrato&nbsp;Social,&nbsp;com&nbsp;as&nbsp;eventuais&nbsp;altera\u00e7\u00f5es&nbsp;contratuais,&nbsp;e&nbsp;o CNPJ; Ata&nbsp;da&nbsp;Assembl\u00e9ia&nbsp;Geral,&nbsp;arquivada&nbsp;na&nbsp;Jucerja&nbsp;ou&nbsp;no&nbsp;cart\u00f3rio&nbsp;do&nbsp;RCPJ;&nbsp; Xerox&nbsp;da&nbsp;identidade,&nbsp;do&nbsp;CPF&nbsp;e&nbsp;do&nbsp;comprovante&nbsp;de&nbsp;resid\u00eancia&nbsp;do&nbsp;s\u00f3cio&nbsp;respons\u00e1vel; Quita\u00e7\u00e3o&nbsp;da&nbsp;contribui\u00e7\u00e3o&nbsp;Sindical.<\/p>\n","protected":false},"author":1,"featured_media":182,"comment_status":"closed","ping_status":"open","sticky":false,"template":"","format":"standard","meta":[],"categories":[26],"tags":[],"_links":{"self":[{"href":"https:\/\/www.confere.org.br\/wordpress\/wp-json\/wp\/v2\/posts\/181"}],"collection":[{"href":"https:\/\/www.confere.org.br\/wordpress\/wp-json\/wp\/v2\/posts"}],"about":[{"href":"https:\/\/www.confere.org.br\/wordpress\/wp-json\/wp\/v2\/types\/post"}],"author":[{"embeddable":true,"href":"https:\/\/www.confere.org.br\/wordpress\/wp-json\/wp\/v2\/users\/1"}],"replies":[{"embeddable":true,"href":"https:\/\/www.confere.org.br\/wordpress\/wp-json\/wp\/v2\/comments?post=181"}],"version-history":[{"count":3,"href":"https:\/\/www.confere.org.br\/wordpress\/wp-json\/wp\/v2\/posts\/181\/revisions"}],"predecessor-version":[{"id":197,"href":"https:\/\/www.confere.org.br\/wordpress\/wp-json\/wp\/v2\/posts\/181\/revisions\/197"}],"wp:featuredmedia":[{"embeddable":true,"href":"https:\/\/www.confere.org.br\/wordpress\/wp-json\/wp\/v2\/media\/182"}],"wp:attachment":[{"href":"https:\/\/www.confere.org.br\/wordpress\/wp-json\/wp\/v2\/media?parent=181"}],"wp:term":[{"taxonomy":"category","embeddable":true,"href":"https:\/\/www.confere.org.br\/wordpress\/wp-json\/wp\/v2\/categories?post=181"},{"taxonomy":"post_tag","embeddable":true,"href":"https:\/\/www.confere.org.br\/wordpress\/wp-json\/wp\/v2\/tags?post=181"}],"curies":[{"name":"wp","href":"https:\/\/api.w.org\/{rel}","templated":true}]}}