{"id":1817,"date":"2019-11-21T12:02:04","date_gmt":"2019-11-21T15:02:04","guid":{"rendered":"http:\/\/www.confere.org.br\/wordpress\/?p=1817"},"modified":"2019-11-21T12:02:05","modified_gmt":"2019-11-21T15:02:05","slug":"incide-imposto-de-renda-sobre-a-indenizacao-de-1-12","status":"publish","type":"post","link":"https:\/\/www.confere.org.br\/wordpress\/incide-imposto-de-renda-sobre-a-indenizacao-de-1-12\/","title":{"rendered":"Incide imposto de renda sobre a indeniza\u00e7\u00e3o de 1\/12?"},"content":{"rendered":"\n<p>De acordo com o Superior Tribunal de Justi\u00e7a, n\u00e3o incide imposto de renda sobre a indeniza\u00e7\u00e3o de 1\/12. Segue decis\u00e3o em car\u00e1ter definitivo: \u201cN\u00e3o incide o imposto sobre a renda com fundamento no art. 70, \u00a7 5\u00ba, da Lei n. 9.430\/96, na medida em que este enunciado estipula a exclus\u00e3o da base de c\u00e1lculo do imposto das quantias devidas a t\u00edtulo de repara\u00e7\u00e3o patrimonial, como na esp\u00e9cie prevista no art. 27, j, da Lei n. 4.886\/65\u201d (STJ &#8211; Recurso Especial n\u00ba 1.133.101\/SP, Relator Ministro Humberto Martins) <\/p>\n","protected":false},"excerpt":{"rendered":"<p>De acordo com o Superior Tribunal de Justi\u00e7a, n\u00e3o incide imposto de renda sobre a indeniza\u00e7\u00e3o de 1\/12. Segue decis\u00e3o em car\u00e1ter definitivo: \u201cN\u00e3o incide o imposto sobre a renda com fundamento no art. 70, \u00a7 5\u00ba, da Lei n. 9.430\/96, na medida em que este enunciado estipula a exclus\u00e3o da base de c\u00e1lculo do &hellip; <\/p>\n<p class=\"link-more\"><a href=\"https:\/\/www.confere.org.br\/wordpress\/incide-imposto-de-renda-sobre-a-indenizacao-de-1-12\/\" class=\"more-link\">Continue lendo<span class=\"screen-reader-text\"> &#8220;Incide imposto de renda sobre a indeniza\u00e7\u00e3o de 1\/12?&#8221;<\/span><\/a><\/p>\n","protected":false},"author":3,"featured_media":0,"comment_status":"closed","ping_status":"open","sticky":false,"template":"","format":"standard","meta":[],"categories":[30],"tags":[],"_links":{"self":[{"href":"https:\/\/www.confere.org.br\/wordpress\/wp-json\/wp\/v2\/posts\/1817"}],"collection":[{"href":"https:\/\/www.confere.org.br\/wordpress\/wp-json\/wp\/v2\/posts"}],"about":[{"href":"https:\/\/www.confere.org.br\/wordpress\/wp-json\/wp\/v2\/types\/post"}],"author":[{"embeddable":true,"href":"https:\/\/www.confere.org.br\/wordpress\/wp-json\/wp\/v2\/users\/3"}],"replies":[{"embeddable":true,"href":"https:\/\/www.confere.org.br\/wordpress\/wp-json\/wp\/v2\/comments?post=1817"}],"version-history":[{"count":1,"href":"https:\/\/www.confere.org.br\/wordpress\/wp-json\/wp\/v2\/posts\/1817\/revisions"}],"predecessor-version":[{"id":1819,"href":"https:\/\/www.confere.org.br\/wordpress\/wp-json\/wp\/v2\/posts\/1817\/revisions\/1819"}],"wp:attachment":[{"href":"https:\/\/www.confere.org.br\/wordpress\/wp-json\/wp\/v2\/media?parent=1817"}],"wp:term":[{"taxonomy":"category","embeddable":true,"href":"https:\/\/www.confere.org.br\/wordpress\/wp-json\/wp\/v2\/categories?post=1817"},{"taxonomy":"post_tag","embeddable":true,"href":"https:\/\/www.confere.org.br\/wordpress\/wp-json\/wp\/v2\/tags?post=1817"}],"curies":[{"name":"wp","href":"https:\/\/api.w.org\/{rel}","templated":true}]}}