{"id":18173,"date":"2026-01-13T08:58:44","date_gmt":"2026-01-13T11:58:44","guid":{"rendered":"https:\/\/www.confere.org.br\/wordpress\/?p=18173"},"modified":"2026-01-13T08:58:44","modified_gmt":"2026-01-13T11:58:44","slug":"mercado-reduz-para-405-expectativas-da-inflacao-para-2026","status":"publish","type":"post","link":"https:\/\/www.confere.org.br\/wordpress\/mercado-reduz-para-405-expectativas-da-inflacao-para-2026\/","title":{"rendered":"Mercado reduz para 4,05% expectativas da infla\u00e7\u00e3o para 2026"},"content":{"rendered":"\n<p>O mercado financeiro reviu para baixo as expectativas de infla\u00e7\u00e3o para o ano de 2026. De acordo com o Boletim Focus, divulgado nesta segunda-feira (12) pelo Banco Central (BC), o ano fechar\u00e1 com o \u00cdndice de Pre\u00e7os ao Consumidor Amplo (IPCA) em 4,05%.<\/p>\n<p>Na semana passada, este \u00edndice, que serve de refer\u00eancia para a infla\u00e7\u00e3o oficial do pa\u00eds, estava em 4,06%. E h\u00e1 quatro semanas em 4,10%.<\/p>\n<p>Para os anos subsequentes (2027 e 2028) as proje\u00e7\u00f5es s\u00e3o as mesmas h\u00e1 dez semanas, em 3,80% e 3,50%, respectivamente.<\/p>\n<h3>Meta de infla\u00e7\u00e3o<\/h3>\n<p><br \/>Definida pelo Conselho Monet\u00e1rio Nacional (CMN), a meta de infla\u00e7\u00e3o para 2025 \u00e9 3%, com intervalo de toler\u00e2ncia de 1,5 ponto percentual para cima ou para baixo. Ou seja, o limite inferior \u00e9 1,5%, e o superior, 4,5%.<\/p>\n<p>De acordo com o Instituto Brasileiro de Geografia Estat\u00edstica (IBGE), a infla\u00e7\u00e3o medida em dezembro teve alta de 0,33%, ante ao 0,18% registrado no m\u00eas anterior. Com isso, o IPCA de 2025 ficou em 4,26%, dentro da meta do governo.<\/p>\n<p>Segundo o IBGE, com exce\u00e7\u00e3o do grupo habita\u00e7\u00e3o, que registrou queda de 0,33%, os demais grupos de produtos e servi\u00e7os pesquisados tiveram alta em dezembro.<\/p>\n<p>A maior varia\u00e7\u00e3o (0,74%) e o maior impacto (0,15 p.p.) vieram dos transportes, seguido, em termos de impacto, por sa\u00fade e cuidados pessoais, com alta de 0,52% e 0,07 p.p.<\/p>\n<h3>PIB<\/h3>\n<p><br \/>Os demais \u00edndices do Boletim Focus divulgado hoje se mantiveram est\u00e1veis em rela\u00e7\u00e3o \u00e0s semanas anteriores.<\/p>\n<p>No caso do Produto Interno Bruto (PIB, a soma de todos os bens e servi\u00e7os produzidos no Brasil), o mercado projeta que a economia do pa\u00eds crescer\u00e1 1,80% em 2026 \u2013 percentual que vem sendo projetado h\u00e1 cinco semanas consecutivas, e o mesmo projetado para 2027.<\/p>\n<p>Para 2028, as expectativas s\u00e3o de que o PIB feche o ano com um crescimento de 2%.<\/p>\n<h3>C\u00e2mbio<\/h3>\n<p><br \/>Com rela\u00e7\u00e3o ao c\u00e2mbio, as proje\u00e7\u00f5es do mercado permanecem est\u00e1veis h\u00e1 13 semanas consecutivos, com uma expectativa de que o d\u00f3lar feche 2026 cotado a R$ 5,50 \u2013 o mesmo valor projetado para 2027.<\/p>\n<p>Para 2028, as expectativas s\u00e3o de que a moeda estadunidense termine o ano cotada a R$ 5,52.<\/p>\n<h3>Selic<\/h3>\n<p><br \/>A taxa b\u00e1sica de juros (Selic) dever\u00e1 ser reduzida dos atuais 15% para 12,25% at\u00e9 o final de 2026, segundo o mercado financeiro; e para 10,50% em 2027. Para o ano subsequente (2028), as expectativas s\u00e3o de que ela caia ainda mais, para 9,88%.<\/p>\n<p>A Selic, atualmente, est\u00e1 em seu maior n\u00edvel desde julho de 2006, quando registrou 15,25% ao ano. Ap\u00f3s chegar a 10,5% ao ano em maio do ano passado, a taxa come\u00e7ou a ser elevada em setembro de 2024.<\/p>\n<p>A Selic chegou a 15% ao ano na reuni\u00e3o de junho, sendo mantida nesse n\u00edvel desde ent\u00e3o.<\/p>\n<h3>Varia\u00e7\u00f5es da Selic<\/h3>\n<p><br \/>Quando o Copom aumenta a Selic, a finalidade \u00e9 conter a demanda aquecida; isso causa reflexos nos pre\u00e7os porque os juros mais altos encarecem o cr\u00e9dito e estimulam a poupan\u00e7a. Assim, taxas mais altas tamb\u00e9m podem dificultar a expans\u00e3o da economia.<\/p>\n<p>Os bancos ainda consideram outros fatores na hora de definir os juros cobrados dos consumidores, como risco de inadimpl\u00eancia, lucro e despesas administrativas.<\/p>\n<p>Quando a taxa Selic \u00e9 reduzida, a tend\u00eancia \u00e9 que o cr\u00e9dito fique mais barato, com incentivo \u00e0 produ\u00e7\u00e3o e ao consumo, reduzindo o controle sobre a infla\u00e7\u00e3o e estimulando a atividade econ\u00f4mica.<\/p>\n<p>Fonte: Ag\u00eancia Brasil<\/p>\n","protected":false},"excerpt":{"rendered":"<p>Demais \u00edndices do Boletim Focus permanecem est\u00e1veis<\/p>\n","protected":false},"author":9,"featured_media":18174,"comment_status":"closed","ping_status":"closed","sticky":false,"template":"","format":"standard","meta":[],"categories":[2],"tags":[],"_links":{"self":[{"href":"https:\/\/www.confere.org.br\/wordpress\/wp-json\/wp\/v2\/posts\/18173"}],"collection":[{"href":"https:\/\/www.confere.org.br\/wordpress\/wp-json\/wp\/v2\/posts"}],"about":[{"href":"https:\/\/www.confere.org.br\/wordpress\/wp-json\/wp\/v2\/types\/post"}],"author":[{"embeddable":true,"href":"https:\/\/www.confere.org.br\/wordpress\/wp-json\/wp\/v2\/users\/9"}],"replies":[{"embeddable":true,"href":"https:\/\/www.confere.org.br\/wordpress\/wp-json\/wp\/v2\/comments?post=18173"}],"version-history":[{"count":1,"href":"https:\/\/www.confere.org.br\/wordpress\/wp-json\/wp\/v2\/posts\/18173\/revisions"}],"predecessor-version":[{"id":18175,"href":"https:\/\/www.confere.org.br\/wordpress\/wp-json\/wp\/v2\/posts\/18173\/revisions\/18175"}],"wp:featuredmedia":[{"embeddable":true,"href":"https:\/\/www.confere.org.br\/wordpress\/wp-json\/wp\/v2\/media\/18174"}],"wp:attachment":[{"href":"https:\/\/www.confere.org.br\/wordpress\/wp-json\/wp\/v2\/media?parent=18173"}],"wp:term":[{"taxonomy":"category","embeddable":true,"href":"https:\/\/www.confere.org.br\/wordpress\/wp-json\/wp\/v2\/categories?post=18173"},{"taxonomy":"post_tag","embeddable":true,"href":"https:\/\/www.confere.org.br\/wordpress\/wp-json\/wp\/v2\/tags?post=18173"}],"curies":[{"name":"wp","href":"https:\/\/api.w.org\/{rel}","templated":true}]}}