{"id":18192,"date":"2026-01-13T09:27:32","date_gmt":"2026-01-13T12:27:32","guid":{"rendered":"https:\/\/www.confere.org.br\/wordpress\/?p=18192"},"modified":"2026-01-13T09:31:45","modified_gmt":"2026-01-13T12:31:45","slug":"2025-resolucao-no-2-175","status":"publish","type":"post","link":"https:\/\/www.confere.org.br\/wordpress\/2025-resolucao-no-2-175\/","title":{"rendered":"2025- Resolu\u00e7\u00e3o n\u00ba 2.175"},"content":{"rendered":"\n<p>Regulamenta a cobran\u00e7a de cr\u00e9ditos, a avalia\u00e7\u00e3o da carteira de receb\u00edveis e ajuste de perdas da d\u00edvida ativa no \u00e2mbito do Sistema Confere\/Cores e d\u00e1 outras provid\u00eancias.<\/p>\n<p><a href=\"https:\/\/www.confere.org.br\/wordpress\/wp-content\/uploads\/2026\/01\/2175-Cobranca-de-creditos-parcelamentos-e-ajuste-de-perdas.pdf\" target=\"_blank\" rel=\"noopener\">https:\/\/www.confere.org.br\/wordpress\/wp-content\/uploads\/2026\/01\/2175-Cobranca-de-creditos-parcelamentos-e-ajuste-de-perdas.pdf<\/a>\u00a0<\/p>\n","protected":false},"excerpt":{"rendered":"<p>2.175, Resolu\u00e7\u00e3o, https:\/\/www.confere.org.br\/wordpress\/wp-content\/uploads\/2026\/01\/2175-Cobranca-de-creditos-parcelamentos-e-ajuste-de-perdas.pdf<\/p>\n","protected":false},"author":9,"featured_media":0,"comment_status":"closed","ping_status":"closed","sticky":false,"template":"","format":"standard","meta":[],"categories":[52],"tags":[],"_links":{"self":[{"href":"https:\/\/www.confere.org.br\/wordpress\/wp-json\/wp\/v2\/posts\/18192"}],"collection":[{"href":"https:\/\/www.confere.org.br\/wordpress\/wp-json\/wp\/v2\/posts"}],"about":[{"href":"https:\/\/www.confere.org.br\/wordpress\/wp-json\/wp\/v2\/types\/post"}],"author":[{"embeddable":true,"href":"https:\/\/www.confere.org.br\/wordpress\/wp-json\/wp\/v2\/users\/9"}],"replies":[{"embeddable":true,"href":"https:\/\/www.confere.org.br\/wordpress\/wp-json\/wp\/v2\/comments?post=18192"}],"version-history":[{"count":2,"href":"https:\/\/www.confere.org.br\/wordpress\/wp-json\/wp\/v2\/posts\/18192\/revisions"}],"predecessor-version":[{"id":18201,"href":"https:\/\/www.confere.org.br\/wordpress\/wp-json\/wp\/v2\/posts\/18192\/revisions\/18201"}],"wp:attachment":[{"href":"https:\/\/www.confere.org.br\/wordpress\/wp-json\/wp\/v2\/media?parent=18192"}],"wp:term":[{"taxonomy":"category","embeddable":true,"href":"https:\/\/www.confere.org.br\/wordpress\/wp-json\/wp\/v2\/categories?post=18192"},{"taxonomy":"post_tag","embeddable":true,"href":"https:\/\/www.confere.org.br\/wordpress\/wp-json\/wp\/v2\/tags?post=18192"}],"curies":[{"name":"wp","href":"https:\/\/api.w.org\/{rel}","templated":true}]}}