{"id":18195,"date":"2026-01-13T09:29:10","date_gmt":"2026-01-13T12:29:10","guid":{"rendered":"https:\/\/www.confere.org.br\/wordpress\/?p=18195"},"modified":"2026-01-13T09:32:31","modified_gmt":"2026-01-13T12:32:31","slug":"2025-resolucao-no-2-172","status":"publish","type":"post","link":"https:\/\/www.confere.org.br\/wordpress\/2025-resolucao-no-2-172\/","title":{"rendered":"2025- Resolu\u00e7\u00e3o n\u00ba 2.172"},"content":{"rendered":"\n<p>Disp\u00f5e sobre a higieniza\u00e7\u00e3o de normativos do Confere.<\/p>\n<p><a href=\"https:\/\/www.confere.org.br\/wordpress\/wp-content\/uploads\/2026\/01\/2172-Higienizacao-de-Normativos.pdf\" target=\"_blank\" rel=\"noopener\">https:\/\/www.confere.org.br\/wordpress\/wp-content\/uploads\/2026\/01\/2172-Higienizacao-de-Normativos.pdf<\/a>\u00a0<\/p>\n","protected":false},"excerpt":{"rendered":"<p>2.172, Resolu\u00e7\u00e3o, https:\/\/www.confere.org.br\/wordpress\/wp-content\/uploads\/2026\/01\/2172-Higienizacao-de-Normativos.pdf<\/p>\n","protected":false},"author":9,"featured_media":0,"comment_status":"closed","ping_status":"closed","sticky":false,"template":"","format":"standard","meta":[],"categories":[52],"tags":[],"_links":{"self":[{"href":"https:\/\/www.confere.org.br\/wordpress\/wp-json\/wp\/v2\/posts\/18195"}],"collection":[{"href":"https:\/\/www.confere.org.br\/wordpress\/wp-json\/wp\/v2\/posts"}],"about":[{"href":"https:\/\/www.confere.org.br\/wordpress\/wp-json\/wp\/v2\/types\/post"}],"author":[{"embeddable":true,"href":"https:\/\/www.confere.org.br\/wordpress\/wp-json\/wp\/v2\/users\/9"}],"replies":[{"embeddable":true,"href":"https:\/\/www.confere.org.br\/wordpress\/wp-json\/wp\/v2\/comments?post=18195"}],"version-history":[{"count":2,"href":"https:\/\/www.confere.org.br\/wordpress\/wp-json\/wp\/v2\/posts\/18195\/revisions"}],"predecessor-version":[{"id":18203,"href":"https:\/\/www.confere.org.br\/wordpress\/wp-json\/wp\/v2\/posts\/18195\/revisions\/18203"}],"wp:attachment":[{"href":"https:\/\/www.confere.org.br\/wordpress\/wp-json\/wp\/v2\/media?parent=18195"}],"wp:term":[{"taxonomy":"category","embeddable":true,"href":"https:\/\/www.confere.org.br\/wordpress\/wp-json\/wp\/v2\/categories?post=18195"},{"taxonomy":"post_tag","embeddable":true,"href":"https:\/\/www.confere.org.br\/wordpress\/wp-json\/wp\/v2\/tags?post=18195"}],"curies":[{"name":"wp","href":"https:\/\/api.w.org\/{rel}","templated":true}]}}