{"id":18197,"date":"2026-01-13T09:30:29","date_gmt":"2026-01-13T12:30:29","guid":{"rendered":"https:\/\/www.confere.org.br\/wordpress\/?p=18197"},"modified":"2026-01-13T09:30:53","modified_gmt":"2026-01-13T12:30:53","slug":"2025-resolucao-no-2-176","status":"publish","type":"post","link":"https:\/\/www.confere.org.br\/wordpress\/2025-resolucao-no-2-176\/","title":{"rendered":"2025- Resolu\u00e7\u00e3o n\u00ba 2.176"},"content":{"rendered":"\n<p>Altera o Regulamento Eleitoral Padr\u00e3o, para processamento das elei\u00e7\u00f5es, pelos sindicatos da categoria, para composi\u00e7\u00e3o dos Conselhos Regionais vinculados.<\/p>\n<p><a href=\"https:\/\/www.confere.org.br\/wordpress\/wp-content\/uploads\/2026\/01\/2176-Regulamento-Eleitoral-Sindicato.pdf\" target=\"_blank\" rel=\"noopener\">https:\/\/www.confere.org.br\/wordpress\/wp-content\/uploads\/2026\/01\/2176-Regulamento-Eleitoral-Sindicato.pdf<\/a><\/p>\n","protected":false},"excerpt":{"rendered":"<p>2.176, Resolu\u00e7\u00e3o, https:\/\/www.confere.org.br\/wordpress\/wp-content\/uploads\/2026\/01\/2176-Regulamento-Eleitoral-Sindicato.pdf<\/p>\n","protected":false},"author":9,"featured_media":0,"comment_status":"closed","ping_status":"closed","sticky":false,"template":"","format":"standard","meta":[],"categories":[52],"tags":[],"_links":{"self":[{"href":"https:\/\/www.confere.org.br\/wordpress\/wp-json\/wp\/v2\/posts\/18197"}],"collection":[{"href":"https:\/\/www.confere.org.br\/wordpress\/wp-json\/wp\/v2\/posts"}],"about":[{"href":"https:\/\/www.confere.org.br\/wordpress\/wp-json\/wp\/v2\/types\/post"}],"author":[{"embeddable":true,"href":"https:\/\/www.confere.org.br\/wordpress\/wp-json\/wp\/v2\/users\/9"}],"replies":[{"embeddable":true,"href":"https:\/\/www.confere.org.br\/wordpress\/wp-json\/wp\/v2\/comments?post=18197"}],"version-history":[{"count":2,"href":"https:\/\/www.confere.org.br\/wordpress\/wp-json\/wp\/v2\/posts\/18197\/revisions"}],"predecessor-version":[{"id":18200,"href":"https:\/\/www.confere.org.br\/wordpress\/wp-json\/wp\/v2\/posts\/18197\/revisions\/18200"}],"wp:attachment":[{"href":"https:\/\/www.confere.org.br\/wordpress\/wp-json\/wp\/v2\/media?parent=18197"}],"wp:term":[{"taxonomy":"category","embeddable":true,"href":"https:\/\/www.confere.org.br\/wordpress\/wp-json\/wp\/v2\/categories?post=18197"},{"taxonomy":"post_tag","embeddable":true,"href":"https:\/\/www.confere.org.br\/wordpress\/wp-json\/wp\/v2\/tags?post=18197"}],"curies":[{"name":"wp","href":"https:\/\/api.w.org\/{rel}","templated":true}]}}