{"id":1821,"date":"2019-11-21T12:09:15","date_gmt":"2019-11-21T15:09:15","guid":{"rendered":"http:\/\/www.confere.org.br\/wordpress\/?p=1821"},"modified":"2019-11-21T12:09:16","modified_gmt":"2019-11-21T15:09:16","slug":"o-representante-comercial-tem-direito-ao-aviso-previo-se-o-contrato-e-rescindido-antes-de-seis-meses-e-no-caso-de-contrato-por-prazo-superior-a-6-meses-ou-indeterminado","status":"publish","type":"post","link":"https:\/\/www.confere.org.br\/wordpress\/o-representante-comercial-tem-direito-ao-aviso-previo-se-o-contrato-e-rescindido-antes-de-seis-meses-e-no-caso-de-contrato-por-prazo-superior-a-6-meses-ou-indeterminado\/","title":{"rendered":"O representante comercial tem direito ao aviso pr\u00e9vio se o contrato \u00e9 rescindido antes de seis meses? E no caso de contrato por prazo superior a 6 meses ou indeterminado?"},"content":{"rendered":"\n<p>N\u00e3o. Somente tem direito ao aviso pr\u00e9vio os representantes comerciais que tenham contrato de representa\u00e7\u00e3o em vigor por mais de seis meses, conforme artigo 34 da Lei n\u00ba 4.886\/65. A den\u00fancia, por qualquer das partes, sem causa justificada, do contrato de representa\u00e7\u00e3o, ajustado por tempo indeterminado e que haja vigorado por mais de seis meses, obriga o denunciante, salvo outra garantia prevista no contrato, \u00e0 concess\u00e3o de pr\u00e9-aviso, com anteced\u00eancia m\u00ednima de trinta dias, ou ao pagamento de import\u00e2ncia igual a um ter\u00e7o (1\/3) das comiss\u00f5es auferidas pelo representante nos tr\u00eas meses anteriores. <\/p>\n","protected":false},"excerpt":{"rendered":"<p>N\u00e3o. Somente tem direito ao aviso pr\u00e9vio os representantes comerciais que tenham contrato de representa\u00e7\u00e3o em vigor por mais de seis meses, conforme artigo 34 da Lei n\u00ba 4.886\/65. A den\u00fancia, por qualquer das partes, sem causa justificada, do contrato de representa\u00e7\u00e3o, ajustado por tempo indeterminado e que haja vigorado por mais de seis meses, &hellip; <\/p>\n<p class=\"link-more\"><a href=\"https:\/\/www.confere.org.br\/wordpress\/o-representante-comercial-tem-direito-ao-aviso-previo-se-o-contrato-e-rescindido-antes-de-seis-meses-e-no-caso-de-contrato-por-prazo-superior-a-6-meses-ou-indeterminado\/\" class=\"more-link\">Continue lendo<span class=\"screen-reader-text\"> &#8220;O representante comercial tem direito ao aviso pr\u00e9vio se o contrato \u00e9 rescindido antes de seis meses? E no caso de contrato por prazo superior a 6 meses ou indeterminado?&#8221;<\/span><\/a><\/p>\n","protected":false},"author":3,"featured_media":0,"comment_status":"closed","ping_status":"open","sticky":false,"template":"","format":"standard","meta":[],"categories":[30],"tags":[],"_links":{"self":[{"href":"https:\/\/www.confere.org.br\/wordpress\/wp-json\/wp\/v2\/posts\/1821"}],"collection":[{"href":"https:\/\/www.confere.org.br\/wordpress\/wp-json\/wp\/v2\/posts"}],"about":[{"href":"https:\/\/www.confere.org.br\/wordpress\/wp-json\/wp\/v2\/types\/post"}],"author":[{"embeddable":true,"href":"https:\/\/www.confere.org.br\/wordpress\/wp-json\/wp\/v2\/users\/3"}],"replies":[{"embeddable":true,"href":"https:\/\/www.confere.org.br\/wordpress\/wp-json\/wp\/v2\/comments?post=1821"}],"version-history":[{"count":1,"href":"https:\/\/www.confere.org.br\/wordpress\/wp-json\/wp\/v2\/posts\/1821\/revisions"}],"predecessor-version":[{"id":1822,"href":"https:\/\/www.confere.org.br\/wordpress\/wp-json\/wp\/v2\/posts\/1821\/revisions\/1822"}],"wp:attachment":[{"href":"https:\/\/www.confere.org.br\/wordpress\/wp-json\/wp\/v2\/media?parent=1821"}],"wp:term":[{"taxonomy":"category","embeddable":true,"href":"https:\/\/www.confere.org.br\/wordpress\/wp-json\/wp\/v2\/categories?post=1821"},{"taxonomy":"post_tag","embeddable":true,"href":"https:\/\/www.confere.org.br\/wordpress\/wp-json\/wp\/v2\/tags?post=1821"}],"curies":[{"name":"wp","href":"https:\/\/api.w.org\/{rel}","templated":true}]}}