{"id":18210,"date":"2026-01-14T14:14:12","date_gmt":"2026-01-14T17:14:12","guid":{"rendered":"https:\/\/www.confere.org.br\/wordpress\/?p=18210"},"modified":"2026-01-14T14:14:29","modified_gmt":"2026-01-14T17:14:29","slug":"core-rj-promove-curso-basico-de-excel-para-colaboradores","status":"publish","type":"post","link":"https:\/\/www.confere.org.br\/wordpress\/core-rj-promove-curso-basico-de-excel-para-colaboradores\/","title":{"rendered":"Core-RJ promove Curso B\u00e1sico de Excel para colaboradores"},"content":{"rendered":"\n<div class=\"x_elementToProof\" data-olk-copy-source=\"MessageBody\">O Conselho Regional dos Representantes Comerciais no Estado do Rio de Janeiro (Core-RJ) deu in\u00edcio ao Curso B\u00e1sico de Excel, em parceria com o Senac, voltado \u00e0 capacita\u00e7\u00e3o dos funcion\u00e1rios. As aulas est\u00e3o sendo realizadas no audit\u00f3rio do Conselho e ocorrem no per\u00edodo da manh\u00e3, em calend\u00e1rio definido.<\/div>\n<div data-olk-copy-source=\"MessageBody\">\u00a0<\/div>\n<div class=\"x_elementToProof\">A iniciativa tem como objetivo aprimorar os conhecimentos t\u00e9cnicos dos participantes, contribuindo para a otimiza\u00e7\u00e3o das rotinas administrativas e para o fortalecimento da efici\u00eancia no desempenho das atividades institucionais. O curso aborda conceitos fundamentais da ferramenta, amplamente utilizada no dia a dia de cada profissional.<\/div>\n<div>\u00a0<\/div>\n<div class=\"x_elementToProof\">A a\u00e7\u00e3o integra o compromisso do Core-RJ com o desenvolvimento cont\u00ednuo de seus colaboradores, investindo em capacita\u00e7\u00f5es que agregam valor ao trabalho interno e refletem diretamente na qualidade dos servi\u00e7os prestados aos representantes comerciais.<\/div>\n<div>\u00a0<\/div>\n","protected":false},"excerpt":{"rendered":"<p>O Conselho Regional dos Representantes Comerciais no Estado do Rio de Janeiro (Core-RJ) deu in\u00edcio ao Curso B\u00e1sico de Excel, em parceria com o Senac, voltado \u00e0 capacita\u00e7\u00e3o dos funcion\u00e1rios. As aulas est\u00e3o sendo realizadas no audit\u00f3rio do Conselho e ocorrem no per\u00edodo da manh\u00e3, em calend\u00e1rio definido. \u00a0 A iniciativa tem como objetivo aprimorar &hellip; <\/p>\n<p class=\"link-more\"><a href=\"https:\/\/www.confere.org.br\/wordpress\/core-rj-promove-curso-basico-de-excel-para-colaboradores\/\" class=\"more-link\">Continue lendo<span class=\"screen-reader-text\"> &#8220;Core-RJ promove Curso B\u00e1sico de Excel para colaboradores&#8221;<\/span><\/a><\/p>\n","protected":false},"author":9,"featured_media":18211,"comment_status":"closed","ping_status":"closed","sticky":false,"template":"","format":"standard","meta":[],"categories":[34,49],"tags":[],"_links":{"self":[{"href":"https:\/\/www.confere.org.br\/wordpress\/wp-json\/wp\/v2\/posts\/18210"}],"collection":[{"href":"https:\/\/www.confere.org.br\/wordpress\/wp-json\/wp\/v2\/posts"}],"about":[{"href":"https:\/\/www.confere.org.br\/wordpress\/wp-json\/wp\/v2\/types\/post"}],"author":[{"embeddable":true,"href":"https:\/\/www.confere.org.br\/wordpress\/wp-json\/wp\/v2\/users\/9"}],"replies":[{"embeddable":true,"href":"https:\/\/www.confere.org.br\/wordpress\/wp-json\/wp\/v2\/comments?post=18210"}],"version-history":[{"count":2,"href":"https:\/\/www.confere.org.br\/wordpress\/wp-json\/wp\/v2\/posts\/18210\/revisions"}],"predecessor-version":[{"id":18215,"href":"https:\/\/www.confere.org.br\/wordpress\/wp-json\/wp\/v2\/posts\/18210\/revisions\/18215"}],"wp:featuredmedia":[{"embeddable":true,"href":"https:\/\/www.confere.org.br\/wordpress\/wp-json\/wp\/v2\/media\/18211"}],"wp:attachment":[{"href":"https:\/\/www.confere.org.br\/wordpress\/wp-json\/wp\/v2\/media?parent=18210"}],"wp:term":[{"taxonomy":"category","embeddable":true,"href":"https:\/\/www.confere.org.br\/wordpress\/wp-json\/wp\/v2\/categories?post=18210"},{"taxonomy":"post_tag","embeddable":true,"href":"https:\/\/www.confere.org.br\/wordpress\/wp-json\/wp\/v2\/tags?post=18210"}],"curies":[{"name":"wp","href":"https:\/\/api.w.org\/{rel}","templated":true}]}}