{"id":18227,"date":"2026-01-15T11:36:03","date_gmt":"2026-01-15T14:36:03","guid":{"rendered":"https:\/\/www.confere.org.br\/wordpress\/?p=18227"},"modified":"2026-01-15T11:36:04","modified_gmt":"2026-01-15T14:36:04","slug":"core-rj-avanca-em-articulacao-com-o-sebrae-rj-para-fortalecer-a-representacao-comercial","status":"publish","type":"post","link":"https:\/\/www.confere.org.br\/wordpress\/core-rj-avanca-em-articulacao-com-o-sebrae-rj-para-fortalecer-a-representacao-comercial\/","title":{"rendered":"Core-RJ avan\u00e7a em articula\u00e7\u00e3o com o Sebrae-RJ para fortalecer a representa\u00e7\u00e3o comercial"},"content":{"rendered":"\n<div class=\"x_elementToProof\" data-olk-copy-source=\"MessageBody\">O Conselho Regional dos Representantes Comerciais no Estado do Rio de Janeiro (Core-RJ) segue ampliando sua atua\u00e7\u00e3o institucional em defesa dos interesses dos profissionais registrados e no fortalecimento da representa\u00e7\u00e3o comercial fluminense.\u00a0<\/div>\n<div data-olk-copy-source=\"MessageBody\">\u00a0<\/div>\n<div class=\"x_elementToProof\">Nesse contexto, o presidente Derlin Rodrigues, acompanhado do conselheiro Fernando Hebia, realizou uma visita institucional \u00e0 sede do Sebrae-RJ (Servi\u00e7o Brasileiro de Apoio \u00e0s Micro e Pequenas Empresas) a convite da \u00f3rg\u00e3o.<\/div>\n<div>\u00a0<\/div>\n<div class=\"x_elementToProof\">A iniciativa integra um dos objetivos da atual gest\u00e3o de estreitar o relacionamento com institui\u00e7\u00f5es estrat\u00e9gicas, com foco na constru\u00e7\u00e3o de parcerias que ampliem as oportunidades de capacita\u00e7\u00e3o, desenvolvimento profissional e fortalecimento dos neg\u00f3cios dos representantes comerciais registrados no Conselho.<\/div>\n<div>\u00a0<\/div>\n<div class=\"x_elementToProof\">Durante o encontro, foram iniciadas tratativas para a estrutura\u00e7\u00e3o de projetos conjuntos voltados ao assessoramento empresarial ao representante comercial, capacita\u00e7\u00e3o continuada, orienta\u00e7\u00e3o em gest\u00e3o comercial e financeira e acesso a oportunidades, respeitando as especificidades da atividade.<\/div>\n<div>\u00a0<\/div>\n<div class=\"x_elementToProof\">A parceria entre Core e Sebrae j\u00e1 apresenta resultados concretos em outros estados, como no Cear\u00e1, onde foi implementado o projeto \u201cRepresentante Smart\u201d, que oferece capacita\u00e7\u00e3o gratuita por at\u00e9 18 meses, acesso a cr\u00e9dito, gera\u00e7\u00e3o de oportunidades e uma Vitrine de Neg\u00f3cios que conecta representantes comerciais a empresas. A iniciativa tamb\u00e9m contribui para o fortalecimento da \u00e9tica profissional e da valoriza\u00e7\u00e3o da categoria, ao estimular o registro obrigat\u00f3rio no Conselho como instrumento de prote\u00e7\u00e3o ao mercado e \u00e0 sociedade.<\/div>\n<div>\u00a0<\/div>\n<div><span data-olk-copy-source=\"MessageBody\">A reuni\u00e3o institucional refor\u00e7a o compromisso do Core-RJ em atuar de forma estrat\u00e9gica e propositiva, consolidando parcerias que contribuam para o desenvolvimento da categoria e para o fortalecimento do ambiente de neg\u00f3cios no estado.<\/span><\/div>\n<div>\u00a0<\/div>\n","protected":false},"excerpt":{"rendered":"<p>O Conselho Regional dos Representantes Comerciais no Estado do Rio de Janeiro (Core-RJ) segue ampliando sua atua\u00e7\u00e3o institucional em defesa dos interesses dos profissionais registrados e no fortalecimento da representa\u00e7\u00e3o comercial fluminense.\u00a0 \u00a0 Nesse contexto, o presidente Derlin Rodrigues, acompanhado do conselheiro Fernando Hebia, realizou uma visita institucional \u00e0 sede do Sebrae-RJ (Servi\u00e7o Brasileiro de &hellip; <\/p>\n<p class=\"link-more\"><a href=\"https:\/\/www.confere.org.br\/wordpress\/core-rj-avanca-em-articulacao-com-o-sebrae-rj-para-fortalecer-a-representacao-comercial\/\" class=\"more-link\">Continue lendo<span class=\"screen-reader-text\"> &#8220;Core-RJ avan\u00e7a em articula\u00e7\u00e3o com o Sebrae-RJ para fortalecer a representa\u00e7\u00e3o comercial&#8221;<\/span><\/a><\/p>\n","protected":false},"author":9,"featured_media":18228,"comment_status":"closed","ping_status":"closed","sticky":false,"template":"","format":"standard","meta":[],"categories":[34,49],"tags":[],"_links":{"self":[{"href":"https:\/\/www.confere.org.br\/wordpress\/wp-json\/wp\/v2\/posts\/18227"}],"collection":[{"href":"https:\/\/www.confere.org.br\/wordpress\/wp-json\/wp\/v2\/posts"}],"about":[{"href":"https:\/\/www.confere.org.br\/wordpress\/wp-json\/wp\/v2\/types\/post"}],"author":[{"embeddable":true,"href":"https:\/\/www.confere.org.br\/wordpress\/wp-json\/wp\/v2\/users\/9"}],"replies":[{"embeddable":true,"href":"https:\/\/www.confere.org.br\/wordpress\/wp-json\/wp\/v2\/comments?post=18227"}],"version-history":[{"count":1,"href":"https:\/\/www.confere.org.br\/wordpress\/wp-json\/wp\/v2\/posts\/18227\/revisions"}],"predecessor-version":[{"id":18229,"href":"https:\/\/www.confere.org.br\/wordpress\/wp-json\/wp\/v2\/posts\/18227\/revisions\/18229"}],"wp:featuredmedia":[{"embeddable":true,"href":"https:\/\/www.confere.org.br\/wordpress\/wp-json\/wp\/v2\/media\/18228"}],"wp:attachment":[{"href":"https:\/\/www.confere.org.br\/wordpress\/wp-json\/wp\/v2\/media?parent=18227"}],"wp:term":[{"taxonomy":"category","embeddable":true,"href":"https:\/\/www.confere.org.br\/wordpress\/wp-json\/wp\/v2\/categories?post=18227"},{"taxonomy":"post_tag","embeddable":true,"href":"https:\/\/www.confere.org.br\/wordpress\/wp-json\/wp\/v2\/tags?post=18227"}],"curies":[{"name":"wp","href":"https:\/\/api.w.org\/{rel}","templated":true}]}}