{"id":1832,"date":"2019-11-21T13:35:03","date_gmt":"2019-11-21T16:35:03","guid":{"rendered":"http:\/\/www.confere.org.br\/wordpress\/?p=1832"},"modified":"2019-11-21T14:40:35","modified_gmt":"2019-11-21T17:40:35","slug":"processo-no-016-2016-aquisicao-de-01-servido-de-dominio","status":"publish","type":"post","link":"https:\/\/www.confere.org.br\/wordpress\/processo-no-016-2016-aquisicao-de-01-servido-de-dominio\/","title":{"rendered":"Processo de Licita\u00e7\u00e3o n\u00ba 016\/2016 &#8211; Aquisi\u00e7\u00e3o de 01 servidor de dom\u00ednio"},"content":{"rendered":"\n<p>09\/09\/2016 &#8211; <a rel=\"noreferrer noopener\" aria-label=\"Instrumento Convocat\u00f3rio&nbsp;e Anexos - n\u00ba 014\/2016 (abre numa nova aba)\" href=\"https:\/\/confere.org.br\/PDF\/Processo%200162016.pdf\" target=\"_blank\">Instrumento Convocat\u00f3rio&nbsp;e Anexos &#8211; n\u00ba 014\/2016<\/a> <\/p>\n\n\n\n<p>27\/09\/2016 &#8211; <a rel=\"noreferrer noopener\" aria-label=\" (abre numa nova aba)\" href=\"https:\/\/confere.org.br\/PDF\/processo16_2016_000007.pdf\" target=\"_blank\">Instrumento Convocat\u00f3rio\u00a0e Anexos &#8211; n\u00ba 014\/2016 II<\/a><\/p>\n","protected":false},"excerpt":{"rendered":"<p>09\/09\/2016 &#8211; Instrumento Convocat\u00f3rio&nbsp;e Anexos &#8211; n\u00ba 014\/2016 27\/09\/2016 &#8211; Instrumento Convocat\u00f3rio\u00a0e Anexos &#8211; n\u00ba 014\/2016 II<\/p>\n","protected":false},"author":1,"featured_media":0,"comment_status":"closed","ping_status":"open","sticky":false,"template":"","format":"standard","meta":[],"categories":[32],"tags":[],"_links":{"self":[{"href":"https:\/\/www.confere.org.br\/wordpress\/wp-json\/wp\/v2\/posts\/1832"}],"collection":[{"href":"https:\/\/www.confere.org.br\/wordpress\/wp-json\/wp\/v2\/posts"}],"about":[{"href":"https:\/\/www.confere.org.br\/wordpress\/wp-json\/wp\/v2\/types\/post"}],"author":[{"embeddable":true,"href":"https:\/\/www.confere.org.br\/wordpress\/wp-json\/wp\/v2\/users\/1"}],"replies":[{"embeddable":true,"href":"https:\/\/www.confere.org.br\/wordpress\/wp-json\/wp\/v2\/comments?post=1832"}],"version-history":[{"count":7,"href":"https:\/\/www.confere.org.br\/wordpress\/wp-json\/wp\/v2\/posts\/1832\/revisions"}],"predecessor-version":[{"id":4124,"href":"https:\/\/www.confere.org.br\/wordpress\/wp-json\/wp\/v2\/posts\/1832\/revisions\/4124"}],"wp:attachment":[{"href":"https:\/\/www.confere.org.br\/wordpress\/wp-json\/wp\/v2\/media?parent=1832"}],"wp:term":[{"taxonomy":"category","embeddable":true,"href":"https:\/\/www.confere.org.br\/wordpress\/wp-json\/wp\/v2\/categories?post=1832"},{"taxonomy":"post_tag","embeddable":true,"href":"https:\/\/www.confere.org.br\/wordpress\/wp-json\/wp\/v2\/tags?post=1832"}],"curies":[{"name":"wp","href":"https:\/\/api.w.org\/{rel}","templated":true}]}}