{"id":184,"date":"2019-09-11T15:13:42","date_gmt":"2019-09-11T18:13:42","guid":{"rendered":"http:\/\/confere.org.br\/wordpress\/?p=184"},"modified":"2019-10-10T16:59:03","modified_gmt":"2019-10-10T19:59:03","slug":"184-2","status":"publish","type":"post","link":"https:\/\/www.confere.org.br\/wordpress\/184-2\/","title":{"rendered":"D\u00favida 2"},"content":{"rendered":"\n<h2>Como localizar o endere\u00e7o e o telefone do Conselho Regional? <\/h2>\n\n\n\n<ul><li> Acesse o Menu Institucional<\/li><li>Clique na op\u00e7\u00e3o Endere\u00e7o dos Regionais <\/li><\/ul>\n","protected":false},"excerpt":{"rendered":"<p>Como localizar o endere\u00e7o e o telefone do Conselho Regional? Acesse o Menu Institucional Clique na op\u00e7\u00e3o Endere\u00e7o dos Regionais<\/p>\n","protected":false},"author":1,"featured_media":185,"comment_status":"closed","ping_status":"open","sticky":false,"template":"","format":"standard","meta":[],"categories":[26],"tags":[],"_links":{"self":[{"href":"https:\/\/www.confere.org.br\/wordpress\/wp-json\/wp\/v2\/posts\/184"}],"collection":[{"href":"https:\/\/www.confere.org.br\/wordpress\/wp-json\/wp\/v2\/posts"}],"about":[{"href":"https:\/\/www.confere.org.br\/wordpress\/wp-json\/wp\/v2\/types\/post"}],"author":[{"embeddable":true,"href":"https:\/\/www.confere.org.br\/wordpress\/wp-json\/wp\/v2\/users\/1"}],"replies":[{"embeddable":true,"href":"https:\/\/www.confere.org.br\/wordpress\/wp-json\/wp\/v2\/comments?post=184"}],"version-history":[{"count":2,"href":"https:\/\/www.confere.org.br\/wordpress\/wp-json\/wp\/v2\/posts\/184\/revisions"}],"predecessor-version":[{"id":190,"href":"https:\/\/www.confere.org.br\/wordpress\/wp-json\/wp\/v2\/posts\/184\/revisions\/190"}],"wp:featuredmedia":[{"embeddable":true,"href":"https:\/\/www.confere.org.br\/wordpress\/wp-json\/wp\/v2\/media\/185"}],"wp:attachment":[{"href":"https:\/\/www.confere.org.br\/wordpress\/wp-json\/wp\/v2\/media?parent=184"}],"wp:term":[{"taxonomy":"category","embeddable":true,"href":"https:\/\/www.confere.org.br\/wordpress\/wp-json\/wp\/v2\/categories?post=184"},{"taxonomy":"post_tag","embeddable":true,"href":"https:\/\/www.confere.org.br\/wordpress\/wp-json\/wp\/v2\/tags?post=184"}],"curies":[{"name":"wp","href":"https:\/\/api.w.org\/{rel}","templated":true}]}}