{"id":1848,"date":"2019-11-21T14:12:44","date_gmt":"2019-11-21T17:12:44","guid":{"rendered":"http:\/\/www.confere.org.br\/wordpress\/?p=1848"},"modified":"2019-11-21T14:12:46","modified_gmt":"2019-11-21T17:12:46","slug":"processo-de-licitacao-no-013-2016-locacao-de-sistema-para-o-controle-contabil-orcamentario-financeiro-para-o-controle-patrimonial-e-para-o-controle-e-geracao-do-relatorio-de-gestao-para-o-tcu","status":"publish","type":"post","link":"https:\/\/www.confere.org.br\/wordpress\/processo-de-licitacao-no-013-2016-locacao-de-sistema-para-o-controle-contabil-orcamentario-financeiro-para-o-controle-patrimonial-e-para-o-controle-e-geracao-do-relatorio-de-gestao-para-o-tcu\/","title":{"rendered":"Processo de Licita\u00e7\u00e3o n\u00ba 013\/2016 &#8211; Loca\u00e7\u00e3o de sistema para o controle cont\u00e1bil or\u00e7ament\u00e1rio financeiro, para o controle patrimonial e para o controle e gera\u00e7\u00e3o do relat\u00f3rio de gest\u00e3o para o TCU"},"content":{"rendered":"\n<p>10\/10\/2016 &#8211; <a href=\"https:\/\/confere.org.br\/PDF\/Concorrencia.pdf\" target=\"_blank\" rel=\"noreferrer noopener\" aria-label=\"Instrumento Convocat\u00f3rio\u00a0e Anexos - n\u00ba 001\/2016 II (abre numa nova aba)\">Instrumento Convocat\u00f3rio\u00a0e Anexos &#8211; n\u00ba 001\/2016 II<\/a> <\/p>\n","protected":false},"excerpt":{"rendered":"<p>10\/10\/2016 &#8211; Instrumento Convocat\u00f3rio\u00a0e Anexos &#8211; n\u00ba 001\/2016 II<\/p>\n","protected":false},"author":1,"featured_media":0,"comment_status":"closed","ping_status":"open","sticky":false,"template":"","format":"standard","meta":[],"categories":[32],"tags":[],"_links":{"self":[{"href":"https:\/\/www.confere.org.br\/wordpress\/wp-json\/wp\/v2\/posts\/1848"}],"collection":[{"href":"https:\/\/www.confere.org.br\/wordpress\/wp-json\/wp\/v2\/posts"}],"about":[{"href":"https:\/\/www.confere.org.br\/wordpress\/wp-json\/wp\/v2\/types\/post"}],"author":[{"embeddable":true,"href":"https:\/\/www.confere.org.br\/wordpress\/wp-json\/wp\/v2\/users\/1"}],"replies":[{"embeddable":true,"href":"https:\/\/www.confere.org.br\/wordpress\/wp-json\/wp\/v2\/comments?post=1848"}],"version-history":[{"count":1,"href":"https:\/\/www.confere.org.br\/wordpress\/wp-json\/wp\/v2\/posts\/1848\/revisions"}],"predecessor-version":[{"id":1849,"href":"https:\/\/www.confere.org.br\/wordpress\/wp-json\/wp\/v2\/posts\/1848\/revisions\/1849"}],"wp:attachment":[{"href":"https:\/\/www.confere.org.br\/wordpress\/wp-json\/wp\/v2\/media?parent=1848"}],"wp:term":[{"taxonomy":"category","embeddable":true,"href":"https:\/\/www.confere.org.br\/wordpress\/wp-json\/wp\/v2\/categories?post=1848"},{"taxonomy":"post_tag","embeddable":true,"href":"https:\/\/www.confere.org.br\/wordpress\/wp-json\/wp\/v2\/tags?post=1848"}],"curies":[{"name":"wp","href":"https:\/\/api.w.org\/{rel}","templated":true}]}}