{"id":1851,"date":"2019-11-21T14:16:01","date_gmt":"2019-11-21T17:16:01","guid":{"rendered":"http:\/\/www.confere.org.br\/wordpress\/?p=1851"},"modified":"2019-11-21T14:23:06","modified_gmt":"2019-11-21T17:23:06","slug":"processo-de-licitacao-no-021-2016-aquisicao-de-material-de-escritorio","status":"publish","type":"post","link":"https:\/\/www.confere.org.br\/wordpress\/processo-de-licitacao-no-021-2016-aquisicao-de-material-de-escritorio\/","title":{"rendered":"Processo de Licita\u00e7\u00e3o n\u00ba 021\/2016 &#8211; Aquisi\u00e7\u00e3o de material de escrit\u00f3rio"},"content":{"rendered":"\n<p>13\/10\/2016 &#8211; <a rel=\"noreferrer noopener\" aria-label=\"Instrumento Convocat\u00f3rio\u00a0e Anexos - n\u00ba 018\/2016  (abre numa nova aba)\" href=\"https:\/\/confere.org.br\/PDF\/CONVITE_18_2016_000024.pdf\" target=\"_blank\">Instrumento Convocat\u00f3rio\u00a0e Anexos &#8211; n\u00ba 018\/2016 <\/a><\/p>\n\n\n\n<p>20\/10\/2016 &#8211;  <a rel=\"noreferrer noopener\" href=\"https:\/\/confere.org.br\/PDF\/CONVITE_18_2016_000024.pdf\" target=\"_blank\">Instrumento Convocat\u00f3rio\u00a0e Anexos &#8211; n\u00ba 018\/2016 II<\/a> <\/p>\n","protected":false},"excerpt":{"rendered":"<p>13\/10\/2016 &#8211; Instrumento Convocat\u00f3rio\u00a0e Anexos &#8211; n\u00ba 018\/2016 20\/10\/2016 &#8211; Instrumento Convocat\u00f3rio\u00a0e Anexos &#8211; n\u00ba 018\/2016 II<\/p>\n","protected":false},"author":1,"featured_media":0,"comment_status":"closed","ping_status":"closed","sticky":false,"template":"","format":"standard","meta":[],"categories":[32],"tags":[],"_links":{"self":[{"href":"https:\/\/www.confere.org.br\/wordpress\/wp-json\/wp\/v2\/posts\/1851"}],"collection":[{"href":"https:\/\/www.confere.org.br\/wordpress\/wp-json\/wp\/v2\/posts"}],"about":[{"href":"https:\/\/www.confere.org.br\/wordpress\/wp-json\/wp\/v2\/types\/post"}],"author":[{"embeddable":true,"href":"https:\/\/www.confere.org.br\/wordpress\/wp-json\/wp\/v2\/users\/1"}],"replies":[{"embeddable":true,"href":"https:\/\/www.confere.org.br\/wordpress\/wp-json\/wp\/v2\/comments?post=1851"}],"version-history":[{"count":3,"href":"https:\/\/www.confere.org.br\/wordpress\/wp-json\/wp\/v2\/posts\/1851\/revisions"}],"predecessor-version":[{"id":1862,"href":"https:\/\/www.confere.org.br\/wordpress\/wp-json\/wp\/v2\/posts\/1851\/revisions\/1862"}],"wp:attachment":[{"href":"https:\/\/www.confere.org.br\/wordpress\/wp-json\/wp\/v2\/media?parent=1851"}],"wp:term":[{"taxonomy":"category","embeddable":true,"href":"https:\/\/www.confere.org.br\/wordpress\/wp-json\/wp\/v2\/categories?post=1851"},{"taxonomy":"post_tag","embeddable":true,"href":"https:\/\/www.confere.org.br\/wordpress\/wp-json\/wp\/v2\/tags?post=1851"}],"curies":[{"name":"wp","href":"https:\/\/api.w.org\/{rel}","templated":true}]}}