{"id":18642,"date":"2026-03-10T09:03:14","date_gmt":"2026-03-10T12:03:14","guid":{"rendered":"https:\/\/www.confere.org.br\/wordpress\/?p=18642"},"modified":"2026-03-10T09:03:14","modified_gmt":"2026-03-10T12:03:14","slug":"faturamento-da-industria-sobe-23-em-janeiro-mas-esta-abaixo-de-2025","status":"publish","type":"post","link":"https:\/\/www.confere.org.br\/wordpress\/faturamento-da-industria-sobe-23-em-janeiro-mas-esta-abaixo-de-2025\/","title":{"rendered":"Faturamento da ind\u00fastria sobe 2,3% em janeiro, mas est\u00e1 abaixo de 2025"},"content":{"rendered":"\n<p>Pressionada pelos juros altos e pela desacelera\u00e7\u00e3o da economia, a ind\u00fastria de transforma\u00e7\u00e3o brasileira faturou 2,3% a mais em janeiro de 2026 na compara\u00e7\u00e3o com dezembro de 2025.<\/p>\n<p>Os n\u00fameros foram divulgados nesta segunda-feira (9) pela Confedera\u00e7\u00e3o Nacional da Ind\u00fastria (CNI), que publicou a pesquisa Indicadores Industriais.<\/p>\n<p>Apesar do avan\u00e7o mensal, o resultado n\u00e3o foi suficiente para reverter o quadro negativo do setor. Na compara\u00e7\u00e3o com janeiro do ano passado, o faturamento registrou queda de 9,7%.<\/p>\n<p>Outros indicadores da atividade industrial apresentaram comportamento semelhante. As horas trabalhadas na produ\u00e7\u00e3o aumentaram 0,5% entre dezembro de 2025 e janeiro de 2026, mas continuam em trajet\u00f3ria de queda iniciada no segundo semestre do ano passado. Em rela\u00e7\u00e3o a janeiro de 2025, o indicador recuou 2,6%.<\/p>\n<p>O emprego na ind\u00fastria de transforma\u00e7\u00e3o tamb\u00e9m registrou leve recupera\u00e7\u00e3o no in\u00edcio do ano. O n\u00famero de trabalhadores aumentou 0,5% em janeiro, interrompendo uma sequ\u00eancia de quatro meses consecutivos de retra\u00e7\u00e3o. Mesmo assim, o n\u00edvel de emprego permanece 0,2% abaixo do observado no mesmo m\u00eas de 2025.<\/p>\n<p>A Utiliza\u00e7\u00e3o da Capacidade Instalada (UCI) permaneceu praticamente est\u00e1vel, com leve crescimento de 0,2 ponto percentual. O indicador passou de 77,4% em dezembro de 2025 para 77,6% em janeiro de 2026, n\u00edvel ainda 1 ponto percentual inferior ao registrado em janeiro do ano passado.<\/p>\n<p>Em nota, a especialista em Pol\u00edticas e Ind\u00fastria da CNI, Larissa Nocko, destacou que os fatores que levaram ao enfraquecimento da ind\u00fastria ao longo de 2025, como os juros e o crescimento menor da demanda, continuam limitando a recupera\u00e7\u00e3o do setor.<\/p>\n<p>\u201cOs elementos que levaram ao desaquecimento da ind\u00fastria de transforma\u00e7\u00e3o em 2025 permanecem penalizando o setor, que s\u00e3o, sobretudo, os juros elevados, o alto custo do cr\u00e9dito e a desacelera\u00e7\u00e3o da demanda, al\u00e9m da forte entrada de bens de consumo importados\u201d, afirma.<\/p>\n<p>A entidade tamb\u00e9m avalia que a eventual redu\u00e7\u00e3o da taxa b\u00e1sica de juros deve ter efeito limitado no curto prazo. No comunicado, a CNI informou que espera que o Comit\u00ea de Pol\u00edtica Monet\u00e1ria (Copom) inicie o ciclo de corte dos juros na reuni\u00e3o deste m\u00eas.<\/p>\n<p>\u201cNo entanto, o patamar da Selic ainda vai continuar bastante elevado, restringindo a atividade econ\u00f4mica, especialmente da ind\u00fastria de transforma\u00e7\u00e3o\u201d, acrescentou Nocko na nota.<\/p>\n<h3>Massa salarial e rendimento<\/h3>\n<p><br \/>Entre os indicadores ligados ao mercado de trabalho, a massa salarial real da ind\u00fastria avan\u00e7ou 1% em janeiro frente a dezembro, indicando in\u00edcio de recupera\u00e7\u00e3o ap\u00f3s desempenho predominantemente negativo na segunda metade de 2025. Na compara\u00e7\u00e3o com janeiro do ano passado, houve alta de 0,4%.<\/p>\n<p>No entanto, o rendimento m\u00e9dio real dos trabalhadores da ind\u00fastria de transforma\u00e7\u00e3o ficou praticamente est\u00e1vel na passagem de dezembro para janeiro, com leve varia\u00e7\u00e3o negativa de 0,1%. Em rela\u00e7\u00e3o a janeiro de 2025, o rendimento m\u00e9dio apresentou crescimento de 0,7%.<\/p>\n<p>Fonte: Ag\u00eancia Brasil<\/p>\n","protected":false},"excerpt":{"rendered":"<p>Alta mensal n\u00e3o reverte queda anual de quase 10%<\/p>\n","protected":false},"author":9,"featured_media":18643,"comment_status":"closed","ping_status":"closed","sticky":false,"template":"","format":"standard","meta":[],"categories":[2],"tags":[],"_links":{"self":[{"href":"https:\/\/www.confere.org.br\/wordpress\/wp-json\/wp\/v2\/posts\/18642"}],"collection":[{"href":"https:\/\/www.confere.org.br\/wordpress\/wp-json\/wp\/v2\/posts"}],"about":[{"href":"https:\/\/www.confere.org.br\/wordpress\/wp-json\/wp\/v2\/types\/post"}],"author":[{"embeddable":true,"href":"https:\/\/www.confere.org.br\/wordpress\/wp-json\/wp\/v2\/users\/9"}],"replies":[{"embeddable":true,"href":"https:\/\/www.confere.org.br\/wordpress\/wp-json\/wp\/v2\/comments?post=18642"}],"version-history":[{"count":1,"href":"https:\/\/www.confere.org.br\/wordpress\/wp-json\/wp\/v2\/posts\/18642\/revisions"}],"predecessor-version":[{"id":18644,"href":"https:\/\/www.confere.org.br\/wordpress\/wp-json\/wp\/v2\/posts\/18642\/revisions\/18644"}],"wp:featuredmedia":[{"embeddable":true,"href":"https:\/\/www.confere.org.br\/wordpress\/wp-json\/wp\/v2\/media\/18643"}],"wp:attachment":[{"href":"https:\/\/www.confere.org.br\/wordpress\/wp-json\/wp\/v2\/media?parent=18642"}],"wp:term":[{"taxonomy":"category","embeddable":true,"href":"https:\/\/www.confere.org.br\/wordpress\/wp-json\/wp\/v2\/categories?post=18642"},{"taxonomy":"post_tag","embeddable":true,"href":"https:\/\/www.confere.org.br\/wordpress\/wp-json\/wp\/v2\/tags?post=18642"}],"curies":[{"name":"wp","href":"https:\/\/api.w.org\/{rel}","templated":true}]}}