{"id":18645,"date":"2026-03-10T16:45:27","date_gmt":"2026-03-10T19:45:27","guid":{"rendered":"https:\/\/www.confere.org.br\/wordpress\/?p=18645"},"modified":"2026-03-10T16:45:28","modified_gmt":"2026-03-10T19:45:28","slug":"core-es-realiza-primeira-capacitacao-interna-de-2026-para-colaboradores","status":"publish","type":"post","link":"https:\/\/www.confere.org.br\/wordpress\/core-es-realiza-primeira-capacitacao-interna-de-2026-para-colaboradores\/","title":{"rendered":"Core-ES realiza primeira capacita\u00e7\u00e3o interna de 2026 para colaboradores"},"content":{"rendered":"\n<div class=\"x_elementToProof\" data-olk-copy-source=\"MessageBody\">Com o objetivo de fortalecer a qualifica\u00e7\u00e3o t\u00e9cnica da equipe e aprimorar continuamente os servi\u00e7os prestados aos representantes comerciais, o Conselho Regional dos Representantes Comerciais no Estado do Esp\u00edrito Santo (Core-ES) iniciou, nos dias 05 e 06 de mar\u00e7o, a primeira etapa do programa de capacita\u00e7\u00e3o interna de colaboradores de 2026, na sede na MMurad\/FGV, na Praia do Canto, em Vit\u00f3ria.<\/div>\n<div data-olk-copy-source=\"MessageBody\">\u00a0<\/div>\n<div class=\"x_elementToProof\">A iniciativa faz parte de uma agenda mensal de treinamentos institu\u00edda pelo Conselho e ser\u00e1 realizada em parceria com a MMurad\/FGV, escola reconhecida nacionalmente como uma das institui\u00e7\u00f5es mais conceituadas do pa\u00eds em forma\u00e7\u00e3o executiva e treinamento empresarial.<\/div>\n<div>\u00a0<\/div>\n<div class=\"x_elementToProof\">A programa\u00e7\u00e3o do primeiro encontro contou com dois dias de atividades voltadas ao desenvolvimento profissional e ao aprimoramento do atendimento ao p\u00fablico. No dia 05 de mar\u00e7o, o treinamento foi conduzido pelo professor Jos\u00e9 Mauro Nunes, que abordou o tema \u201cAtendimento e Encantamento ao P\u00fablico\u201d, destacando a import\u00e2ncia da comunica\u00e7\u00e3o eficiente, da empatia e da excel\u00eancia no relacionamento com os representantes comerciais atendidos pelo Conselho.<\/div>\n<div>\u00a0<\/div>\n<div class=\"x_elementToProof\">J\u00e1 no dia 06 de mar\u00e7o, a programa\u00e7\u00e3o foi dividida em dois momentos e ministrada pelo professor Wesley Ortiz. O primeiro abordou o tema Lideran\u00e7a, com reflex\u00f5es sobre gest\u00e3o de pessoas, desenvolvimento de equipes e fortalecimento do ambiente colaborativo. Na sequ\u00eancia, os participantes acompanharam a palestra sobre Desempenho, que tratou de estrat\u00e9gias para aprimorar resultados e fortalecer a cultura de melhoria cont\u00ednua no ambiente de trabalho.<\/div>\n<div class=\"x_elementToProof\">\u00a0<\/div>\n","protected":false},"excerpt":{"rendered":"<p>Com o objetivo de fortalecer a qualifica\u00e7\u00e3o t\u00e9cnica da equipe e aprimorar continuamente os servi\u00e7os prestados aos representantes comerciais, o Conselho Regional dos Representantes Comerciais no Estado do Esp\u00edrito Santo (Core-ES) iniciou, nos dias 05 e 06 de mar\u00e7o, a primeira etapa do programa de capacita\u00e7\u00e3o interna de colaboradores de 2026, na sede na MMurad\/FGV, &hellip; <\/p>\n<p class=\"link-more\"><a href=\"https:\/\/www.confere.org.br\/wordpress\/core-es-realiza-primeira-capacitacao-interna-de-2026-para-colaboradores\/\" class=\"more-link\">Continue lendo<span class=\"screen-reader-text\"> &#8220;Core-ES realiza primeira capacita\u00e7\u00e3o interna de 2026 para colaboradores&#8221;<\/span><\/a><\/p>\n","protected":false},"author":9,"featured_media":18646,"comment_status":"closed","ping_status":"closed","sticky":false,"template":"","format":"standard","meta":[],"categories":[34,49],"tags":[],"_links":{"self":[{"href":"https:\/\/www.confere.org.br\/wordpress\/wp-json\/wp\/v2\/posts\/18645"}],"collection":[{"href":"https:\/\/www.confere.org.br\/wordpress\/wp-json\/wp\/v2\/posts"}],"about":[{"href":"https:\/\/www.confere.org.br\/wordpress\/wp-json\/wp\/v2\/types\/post"}],"author":[{"embeddable":true,"href":"https:\/\/www.confere.org.br\/wordpress\/wp-json\/wp\/v2\/users\/9"}],"replies":[{"embeddable":true,"href":"https:\/\/www.confere.org.br\/wordpress\/wp-json\/wp\/v2\/comments?post=18645"}],"version-history":[{"count":1,"href":"https:\/\/www.confere.org.br\/wordpress\/wp-json\/wp\/v2\/posts\/18645\/revisions"}],"predecessor-version":[{"id":18647,"href":"https:\/\/www.confere.org.br\/wordpress\/wp-json\/wp\/v2\/posts\/18645\/revisions\/18647"}],"wp:featuredmedia":[{"embeddable":true,"href":"https:\/\/www.confere.org.br\/wordpress\/wp-json\/wp\/v2\/media\/18646"}],"wp:attachment":[{"href":"https:\/\/www.confere.org.br\/wordpress\/wp-json\/wp\/v2\/media?parent=18645"}],"wp:term":[{"taxonomy":"category","embeddable":true,"href":"https:\/\/www.confere.org.br\/wordpress\/wp-json\/wp\/v2\/categories?post=18645"},{"taxonomy":"post_tag","embeddable":true,"href":"https:\/\/www.confere.org.br\/wordpress\/wp-json\/wp\/v2\/tags?post=18645"}],"curies":[{"name":"wp","href":"https:\/\/api.w.org\/{rel}","templated":true}]}}