{"id":18650,"date":"2026-03-11T10:32:51","date_gmt":"2026-03-11T13:32:51","guid":{"rendered":"https:\/\/www.confere.org.br\/wordpress\/?p=18650"},"modified":"2026-03-31T10:41:09","modified_gmt":"2026-03-31T13:41:09","slug":"processo-administrativo-de-licitacao-no-01-2026-contratacao-de-empresa-especializada-nos-servicos-de-filmagem-e-fotografia-pregao-eletronico-no-90004-2026","status":"publish","type":"post","link":"https:\/\/www.confere.org.br\/wordpress\/processo-administrativo-de-licitacao-no-01-2026-contratacao-de-empresa-especializada-nos-servicos-de-filmagem-e-fotografia-pregao-eletronico-no-90004-2026\/","title":{"rendered":"Processo Administrativo de Licita\u00e7\u00e3o N\u00ba 01\/2026\u00a0\u2013 Contrata\u00e7\u00e3o de empresa especializada nos servi\u00e7os de filmagem e fotografia \u2013 Preg\u00e3o Eletr\u00f4nico n\u00ba 90004\/2026"},"content":{"rendered":"\n<ul data-editing-info=\"{&quot;applyListStyleFromLevel&quot;:true}\">\n<li>\n<div class=\"x_elementToProof\" role=\"presentation\" data-olk-copy-source=\"MessageBody\"><a href=\"https:\/\/www.confere.org.br\/wordpress\/wp-content\/uploads\/2026\/03\/Edital_e_anexos-Publicacao.pdf\">Edital de licita\u00e7\u00e3o e anexos<\/a><\/div>\n<\/li>\n<li>\n<div class=\"x_elementToProof\" role=\"presentation\" data-olk-copy-source=\"MessageBody\"><a href=\"https:\/\/www.confere.org.br\/wordpress\/wp-content\/uploads\/2026\/03\/Dou.pdf\">Publica\u00e7\u00e3o no DOU<\/a><\/div>\n<\/li>\n<li>\n<div class=\"x_elementToProof\" role=\"presentation\" data-olk-copy-source=\"MessageBody\"><a href=\"https:\/\/www.confere.org.br\/wordpress\/wp-content\/uploads\/2026\/03\/CONFERE-11-03-1.pdf\">Publica\u00e7\u00e3o em jornal de circula\u00e7\u00e3o<\/a><\/div>\n<\/li>\n<li>Link da publica\u00e7\u00e3o no PNCP:&nbsp;<a id=\"OWAebf4ec19-77fc-969c-d40a-abd3705002e3\" class=\"x_OWAAutoLink\" title=\"https:\/\/pncp.gov.br\/app\/editais\/34046367000168\/2026\/7\" href=\"https:\/\/pncp.gov.br\/app\/editais\/34046367000168\/2026\/7\" target=\"_blank\" rel=\"noopener noreferrer\" data-auth=\"NotApplicable\" data-linkindex=\"0\">https:\/\/pncp.gov.br\/app\/editais\/34046367000168\/2026\/7<\/a><\/li>\n<li><a href=\"https:\/\/www.confere.org.br\/wordpress\/wp-content\/uploads\/2026\/03\/Resposta_de_impugnacao_correta_Timbrado_assinado.pdf\"><span data-olk-copy-source=\"MessageBody\">Resposta \u00e0 Impugna\u00e7\u00e3o<\/span><\/a><\/li>\n<\/ul>\n\n\n\n<ul data-editing-info=\"{&quot;applyListStyleFromLevel&quot;:true}\">\n<li>\n<div class=\"x_elementToProof\" role=\"presentation\" data-olk-copy-source=\"MessageBody\"><a href=\"https:\/\/www.confere.org.br\/wordpress\/wp-content\/uploads\/2026\/03\/Edital-Republicado-Compilado.pdf\">Edital de licita\u00e7\u00e3o e anexos<\/a><\/div>\n<\/li>\n<\/ul>\n<ul data-spread=\"false\">\n<li>\n<div class=\"x_elementToProof\" role=\"presentation\"><a href=\"https:\/\/www.confere.org.br\/wordpress\/wp-content\/uploads\/2026\/03\/DOU-Republicacao.pdf\">Publica\u00e7\u00e3o no DOU<\/a><\/div>\n<\/li>\n<li>\n<div class=\"x_elementToProof\" role=\"presentation\"><a href=\"https:\/\/www.confere.org.br\/wordpress\/wp-content\/uploads\/2026\/03\/Republicacao-Jornal-CONFERE-31-03.pdf\">Publica\u00e7\u00e3o em jornal de circula\u00e7\u00e3o<\/a><\/div>\n<\/li>\n<li>\n<div class=\"x_elementToProof\" role=\"presentation\">Link da publica\u00e7\u00e3o no PNCP:<a title=\"https:\/\/pncp.gov.br\/app\/editais?q=389047&amp;status=recebendo_proposta&amp;pagina=1\" href=\"https:\/\/pncp.gov.br\/app\/editais?q=389047&amp;status=recebendo_proposta&amp;pagina=1\" target=\"_blank\" rel=\"noopener noreferrer\" data-auth=\"NotApplicable\" data-linkindex=\"0\">https:\/\/pncp.gov.br\/app\/editais?q=389047&amp;status=recebendo_proposta&amp;pagina=1<\/a><\/div>\n<\/li>\n<li>\n<div class=\"x_elementToProof\" role=\"presentation\">Data da Sess\u00e3o P\u00fablica: 15\/04\/2026, \u00e0s 10h.<\/div>\n<\/li>\n<\/ul>\n","protected":false},"excerpt":{"rendered":"<p>Edital de licita\u00e7\u00e3o e anexos Publica\u00e7\u00e3o no DOU Publica\u00e7\u00e3o em jornal de circula\u00e7\u00e3o Link da publica\u00e7\u00e3o no PNCP:&nbsp;https:\/\/pncp.gov.br\/app\/editais\/34046367000168\/2026\/7 Resposta \u00e0 Impugna\u00e7\u00e3o Edital de licita\u00e7\u00e3o e anexos Publica\u00e7\u00e3o no DOU Publica\u00e7\u00e3o em jornal de circula\u00e7\u00e3o Link da publica\u00e7\u00e3o no PNCP:https:\/\/pncp.gov.br\/app\/editais?q=389047&amp;status=recebendo_proposta&amp;pagina=1 Data da Sess\u00e3o P\u00fablica: 15\/04\/2026, \u00e0s 10h.<\/p>\n","protected":false},"author":3,"featured_media":0,"comment_status":"closed","ping_status":"closed","sticky":false,"template":"","format":"standard","meta":[],"categories":[32],"tags":[],"_links":{"self":[{"href":"https:\/\/www.confere.org.br\/wordpress\/wp-json\/wp\/v2\/posts\/18650"}],"collection":[{"href":"https:\/\/www.confere.org.br\/wordpress\/wp-json\/wp\/v2\/posts"}],"about":[{"href":"https:\/\/www.confere.org.br\/wordpress\/wp-json\/wp\/v2\/types\/post"}],"author":[{"embeddable":true,"href":"https:\/\/www.confere.org.br\/wordpress\/wp-json\/wp\/v2\/users\/3"}],"replies":[{"embeddable":true,"href":"https:\/\/www.confere.org.br\/wordpress\/wp-json\/wp\/v2\/comments?post=18650"}],"version-history":[{"count":7,"href":"https:\/\/www.confere.org.br\/wordpress\/wp-json\/wp\/v2\/posts\/18650\/revisions"}],"predecessor-version":[{"id":18830,"href":"https:\/\/www.confere.org.br\/wordpress\/wp-json\/wp\/v2\/posts\/18650\/revisions\/18830"}],"wp:attachment":[{"href":"https:\/\/www.confere.org.br\/wordpress\/wp-json\/wp\/v2\/media?parent=18650"}],"wp:term":[{"taxonomy":"category","embeddable":true,"href":"https:\/\/www.confere.org.br\/wordpress\/wp-json\/wp\/v2\/categories?post=18650"},{"taxonomy":"post_tag","embeddable":true,"href":"https:\/\/www.confere.org.br\/wordpress\/wp-json\/wp\/v2\/tags?post=18650"}],"curies":[{"name":"wp","href":"https:\/\/api.w.org\/{rel}","templated":true}]}}