{"id":18678,"date":"2026-03-12T09:21:47","date_gmt":"2026-03-12T12:21:47","guid":{"rendered":"https:\/\/www.confere.org.br\/wordpress\/?p=18678"},"modified":"2026-03-12T09:21:48","modified_gmt":"2026-03-12T12:21:48","slug":"core-es-fortalece-dialogo-institucional-em-visita-ao-presidente-da-camara-de-cariacica","status":"publish","type":"post","link":"https:\/\/www.confere.org.br\/wordpress\/core-es-fortalece-dialogo-institucional-em-visita-ao-presidente-da-camara-de-cariacica\/","title":{"rendered":"Core-ES fortalece di\u00e1logo institucional em visita ao presidente da C\u00e2mara de Cariacica"},"content":{"rendered":"\n<div class=\"x_elementToProof\" data-olk-copy-source=\"MessageBody\">Parte da Diretoria do Conselho Regional dos Representantes Comerciais no Estado do Esp\u00edrito Santo (Core-ES) realizou uma visita institucional ao<b>\u00a0<\/b>vereador e presidente da C\u00e2mara Municipal de Cariacica, Lelo Couto, na \u00faltima quarta-feira, 11.<\/div>\n<div data-olk-copy-source=\"MessageBody\">\u00a0<\/div>\n<div class=\"x_elementToProof\">Participaram do encontro o presidente Marcelo Marino Simonetti, o diretor-secret\u00e1rio Julio Sandes, os conselheiros fiscais Jos\u00e9 Aquibaldo e Mario Batista, al\u00e9m da gerente-geral Fernanda Pianca.<\/div>\n<div>\u00a0<\/div>\n<div class=\"x_elementToProof\">Durante a reuni\u00e3o, o presidente Simonetti apresentou as principais a\u00e7\u00f5es desenvolvidas pelo Core-ES e sugeriu a elabora\u00e7\u00e3o de um projeto de lei para instituir o Dia Municipal do Representante Comercial em Cariacica.<\/div>\n<div>\u00a0<\/div>\n<div class=\"x_elementToProof\">No ano em que o Core-ES celebra 60 anos de atua\u00e7\u00e3o, a proposta refor\u00e7a a valoriza\u00e7\u00e3o e o reconhecimento da profiss\u00e3o em todo o Esp\u00edrito Santo. Atualmente, a data j\u00e1 \u00e9 celebrada no \u00e2mbito estadual e tamb\u00e9m nos munic\u00edpios de Vit\u00f3ria, Vila Velha, Serra e Guarapari.<\/div>\n<div>\u00a0<\/div>\n<div class=\"x_elementToProof\">O Core-ES agradece ao vereador Lelo Couto pela receptividade e pela abertura ao di\u00e1logo institucional<\/div>\n","protected":false},"excerpt":{"rendered":"<p>Parte da Diretoria do Conselho Regional dos Representantes Comerciais no Estado do Esp\u00edrito Santo (Core-ES) realizou uma visita institucional ao\u00a0vereador e presidente da C\u00e2mara Municipal de Cariacica, Lelo Couto, na \u00faltima quarta-feira, 11. \u00a0 Participaram do encontro o presidente Marcelo Marino Simonetti, o diretor-secret\u00e1rio Julio Sandes, os conselheiros fiscais Jos\u00e9 Aquibaldo e Mario Batista, al\u00e9m &hellip; <\/p>\n<p class=\"link-more\"><a href=\"https:\/\/www.confere.org.br\/wordpress\/core-es-fortalece-dialogo-institucional-em-visita-ao-presidente-da-camara-de-cariacica\/\" class=\"more-link\">Continue lendo<span class=\"screen-reader-text\"> &#8220;Core-ES fortalece di\u00e1logo institucional em visita ao presidente da C\u00e2mara de Cariacica&#8221;<\/span><\/a><\/p>\n","protected":false},"author":9,"featured_media":18679,"comment_status":"closed","ping_status":"closed","sticky":false,"template":"","format":"standard","meta":[],"categories":[34,49],"tags":[],"_links":{"self":[{"href":"https:\/\/www.confere.org.br\/wordpress\/wp-json\/wp\/v2\/posts\/18678"}],"collection":[{"href":"https:\/\/www.confere.org.br\/wordpress\/wp-json\/wp\/v2\/posts"}],"about":[{"href":"https:\/\/www.confere.org.br\/wordpress\/wp-json\/wp\/v2\/types\/post"}],"author":[{"embeddable":true,"href":"https:\/\/www.confere.org.br\/wordpress\/wp-json\/wp\/v2\/users\/9"}],"replies":[{"embeddable":true,"href":"https:\/\/www.confere.org.br\/wordpress\/wp-json\/wp\/v2\/comments?post=18678"}],"version-history":[{"count":1,"href":"https:\/\/www.confere.org.br\/wordpress\/wp-json\/wp\/v2\/posts\/18678\/revisions"}],"predecessor-version":[{"id":18680,"href":"https:\/\/www.confere.org.br\/wordpress\/wp-json\/wp\/v2\/posts\/18678\/revisions\/18680"}],"wp:featuredmedia":[{"embeddable":true,"href":"https:\/\/www.confere.org.br\/wordpress\/wp-json\/wp\/v2\/media\/18679"}],"wp:attachment":[{"href":"https:\/\/www.confere.org.br\/wordpress\/wp-json\/wp\/v2\/media?parent=18678"}],"wp:term":[{"taxonomy":"category","embeddable":true,"href":"https:\/\/www.confere.org.br\/wordpress\/wp-json\/wp\/v2\/categories?post=18678"},{"taxonomy":"post_tag","embeddable":true,"href":"https:\/\/www.confere.org.br\/wordpress\/wp-json\/wp\/v2\/tags?post=18678"}],"curies":[{"name":"wp","href":"https:\/\/api.w.org\/{rel}","templated":true}]}}