{"id":1868,"date":"2019-11-21T14:36:03","date_gmt":"2019-11-21T17:36:03","guid":{"rendered":"http:\/\/www.confere.org.br\/wordpress\/?p=1868"},"modified":"2019-11-21T14:36:05","modified_gmt":"2019-11-21T17:36:05","slug":"processo-de-licitacao-no-025-2016-contratacao-de-empresa-prestadora-de-servico-de-seguranca-armada","status":"publish","type":"post","link":"https:\/\/www.confere.org.br\/wordpress\/processo-de-licitacao-no-025-2016-contratacao-de-empresa-prestadora-de-servico-de-seguranca-armada\/","title":{"rendered":"Processo de Licita\u00e7\u00e3o n\u00ba 025\/2016 &#8211; Contrata\u00e7\u00e3o de empresa prestadora de servi\u00e7o de seguran\u00e7a armada"},"content":{"rendered":"\n<p>05\/12\/2016 &#8211; <a href=\"https:\/\/confere.org.br\/PDF\/PROCESSO_25_2016_000054.pdf\" target=\"_blank\" rel=\"noreferrer noopener\" aria-label=\"Instrumento Convocat\u00f3rio\u00a0e Anexos - n\u00ba 019\/2016 (abre numa nova aba)\">Instrumento Convocat\u00f3rio\u00a0e Anexos &#8211; n\u00ba 019\/2016<\/a> <\/p>\n","protected":false},"excerpt":{"rendered":"<p>05\/12\/2016 &#8211; Instrumento Convocat\u00f3rio\u00a0e Anexos &#8211; n\u00ba 019\/2016<\/p>\n","protected":false},"author":1,"featured_media":0,"comment_status":"closed","ping_status":"closed","sticky":false,"template":"","format":"standard","meta":[],"categories":[32],"tags":[],"_links":{"self":[{"href":"https:\/\/www.confere.org.br\/wordpress\/wp-json\/wp\/v2\/posts\/1868"}],"collection":[{"href":"https:\/\/www.confere.org.br\/wordpress\/wp-json\/wp\/v2\/posts"}],"about":[{"href":"https:\/\/www.confere.org.br\/wordpress\/wp-json\/wp\/v2\/types\/post"}],"author":[{"embeddable":true,"href":"https:\/\/www.confere.org.br\/wordpress\/wp-json\/wp\/v2\/users\/1"}],"replies":[{"embeddable":true,"href":"https:\/\/www.confere.org.br\/wordpress\/wp-json\/wp\/v2\/comments?post=1868"}],"version-history":[{"count":2,"href":"https:\/\/www.confere.org.br\/wordpress\/wp-json\/wp\/v2\/posts\/1868\/revisions"}],"predecessor-version":[{"id":1870,"href":"https:\/\/www.confere.org.br\/wordpress\/wp-json\/wp\/v2\/posts\/1868\/revisions\/1870"}],"wp:attachment":[{"href":"https:\/\/www.confere.org.br\/wordpress\/wp-json\/wp\/v2\/media?parent=1868"}],"wp:term":[{"taxonomy":"category","embeddable":true,"href":"https:\/\/www.confere.org.br\/wordpress\/wp-json\/wp\/v2\/categories?post=1868"},{"taxonomy":"post_tag","embeddable":true,"href":"https:\/\/www.confere.org.br\/wordpress\/wp-json\/wp\/v2\/tags?post=1868"}],"curies":[{"name":"wp","href":"https:\/\/api.w.org\/{rel}","templated":true}]}}