{"id":18687,"date":"2026-03-13T09:35:34","date_gmt":"2026-03-13T12:35:34","guid":{"rendered":"https:\/\/www.confere.org.br\/wordpress\/?p=18687"},"modified":"2026-03-13T09:35:46","modified_gmt":"2026-03-13T12:35:46","slug":"inflacao-oficial-recua-para-381-com-variacao-de-07-em-fevereiro","status":"publish","type":"post","link":"https:\/\/www.confere.org.br\/wordpress\/inflacao-oficial-recua-para-381-com-variacao-de-07-em-fevereiro\/","title":{"rendered":"Infla\u00e7\u00e3o oficial recua para 3,81%, com varia\u00e7\u00e3o de 0,7% em fevereiro"},"content":{"rendered":"\n<p>O \u00cdndice Nacional de Pre\u00e7os ao Consumidor Amplo (IPCA) acelerou de 0,33% em janeiro para 0,7% em fevereiro, maior taxa desde fevereiro de 2025 (1,31%).<\/p>\n<p>Os dados foram divulgados nesta quinta-feira (12) pelo Instituto Brasileiro de Geografia e Estat\u00edstica (IBGE).<\/p>\n<p>A maior varia\u00e7\u00e3o e impacto foram registrados no grupo Educa\u00e7\u00e3o (5,21%), devido aos reajustes anuais das mensalidades de escolas e cursos. Junto com a alta no grupo Transportes, os dois grupos representaram aproximadamente 66% do resultado do m\u00eas.<\/p>\n<p>No ano, o IPCA acumula alta de 1,03% e, nos \u00faltimos doze meses, o \u00edndice ficou em 3,81%, abaixo dos 4,44% dos 12 meses imediatamente anteriores. A infla\u00e7\u00e3o oficial est\u00e1 dentro do limite m\u00e1ximo de toler\u00e2ncia da meta do governo.<\/p>\n<p>O gerente da pesquisa, Fernando Gon\u00e7alves, explica que, embora mais alto que em meses anteriores, o resultado \u00e9 o menor para um m\u00eas de fevereiro desde 2020 (0,25%).<\/p>\n<p>\u201cEm fevereiro do ano passado, no IPCA de 1,31% houve uma press\u00e3o do grupo Habita\u00e7\u00e3o, em especial na energia el\u00e9trica, em fun\u00e7\u00e3o do fim do B\u00f4nus de Itaipu, o que n\u00e3o ocorreu no ano de 2026.\u201d<\/p>\n<p>\u201cAinda na compara\u00e7\u00e3o com o ano anterior, Educa\u00e7\u00e3o acelerou ao registrar 5,21% em fevereiro de 2026 contra 4,7% de fevereiro de 2025\u201d, acrescentou.<\/p>\n<p>Segundo o IBGE, o grupo Educa\u00e7\u00e3o respondeu por cerca de 44% do IPCA de fevereiro. A maior contribui\u00e7\u00e3o veio dos cursos regulares (6,2%), por conta dos reajustes habitualmente praticados no in\u00edcio do ano letivo. As maiores varia\u00e7\u00f5es foram nos subitens ensino m\u00e9dio (8,19%), ensino fundamental (8,11%) e pr\u00e9-escola (7,48%).<\/p>\n<p>O grupo Alimenta\u00e7\u00e3o e bebidas teve pequena varia\u00e7\u00e3o na passagem de janeiro (0,23%) para fevereiro (0,26%). A alimenta\u00e7\u00e3o no domic\u00edlio registrou varia\u00e7\u00e3o de 0,23% frente a 0,10% do m\u00eas anterior, com influ\u00eancia das altas do a\u00e7a\u00ed (25,29%), do feij\u00e3o carioca (11,73%), do ovo de galinha (4,55%) e das carnes (0,58%).<\/p>\n<p>Pelo lado das quedas, os destaques s\u00e3o as frutas (-2,78%), o \u00f3leo de soja (-2,62%), o arroz (-2,36%) e o caf\u00e9 mo\u00eddo (-1,20%). J\u00e1 a alimenta\u00e7\u00e3o fora do domic\u00edlio (0,34%) desacelerou em rela\u00e7\u00e3o ao m\u00eas anterior (0,55%). A refei\u00e7\u00e3o saiu de 0,66% em janeiro, para 0,49% em fevereiro, e o lanche passou de 0,27% para 0,15% no mesmo per\u00edodo.<\/p>\n<p>Segundo o gerente da pesquisa, o grupo dos alimentos variou 0,26% em fevereiro, mostrando desacelera\u00e7\u00e3o na compara\u00e7\u00e3o com fevereiro de 2025, quando registrou influ\u00eancia da alta do ovo de galinha (15,39%) e do caf\u00e9 mo\u00eddo (10,77%).<\/p>\n<p>No \u00edndice atual, tais subitens desaceleraram para 4,55% (ovo de galinha) e -1,20% (caf\u00e9), oitavo m\u00eas seguido de retra\u00e7\u00e3o nos pre\u00e7os deste subitem, que acumula 10,13% de varia\u00e7\u00e3o nos \u00faltimos 12 meses.<\/p>\n<p>\u201cAl\u00e9m desses produtos o arroz, importante na mesa dos brasileiros, j\u00e1 acumula queda de 27,86% em 12 meses dada a boa oferta do cereal\u201d, disse Gon\u00e7alves.<\/p>\n<p>No grupo Transportes, chamou a aten\u00e7\u00e3o o aumento de 11,4% na passagem a\u00e9rea. Tamb\u00e9m registraram altas o seguro volunt\u00e1rio de ve\u00edculos (5,62%), o conserto de autom\u00f3vel (1,22%) e o \u00f4nibus urbano (1,14%).<\/p>\n<p>Nos combust\u00edveis, o \u00edndice ficou em -0,47%, com quedas na gasolina (-0,61%) e no g\u00e1s veicular (-3,10%), e altas no etanol (0,55%) e no \u00f3leo diesel (0,23%).<\/p>\n<h3>INPC<\/h3>\n<p><br \/>De acordo com o IBGE, o \u00cdndice Nacional de Pre\u00e7os ao Consumidor (INPC) teve alta de 0,56% em fevereiro, 0,17 ponto percentual. acima do resultado observado em janeiro (0,39%).<\/p>\n<p>No ano, o INPC acumula alta de 0,95% e, nos \u00faltimos 12 meses, o \u00edndice ficou em 3,36%, abaixo dos 4,30% dos 12 meses imediatamente anteriores. Em fevereiro de 2025, a taxa foi de 1,48%.<\/p>\n<p>Os produtos aliment\u00edcios aceleraram de janeiro (0,14%) para fevereiro (0,26%). A varia\u00e7\u00e3o dos n\u00e3o aliment\u00edcios passou de 0,47% em janeiro para 0,66% em fevereiro.<\/p>\n<p>Fonte: Ag\u00eancia Brasil<\/p>\n","protected":false},"excerpt":{"rendered":"<p>Reajuste das mensalidades escolares teve impacto no IPCA<\/p>\n","protected":false},"author":9,"featured_media":18688,"comment_status":"closed","ping_status":"closed","sticky":false,"template":"","format":"standard","meta":[],"categories":[2],"tags":[],"_links":{"self":[{"href":"https:\/\/www.confere.org.br\/wordpress\/wp-json\/wp\/v2\/posts\/18687"}],"collection":[{"href":"https:\/\/www.confere.org.br\/wordpress\/wp-json\/wp\/v2\/posts"}],"about":[{"href":"https:\/\/www.confere.org.br\/wordpress\/wp-json\/wp\/v2\/types\/post"}],"author":[{"embeddable":true,"href":"https:\/\/www.confere.org.br\/wordpress\/wp-json\/wp\/v2\/users\/9"}],"replies":[{"embeddable":true,"href":"https:\/\/www.confere.org.br\/wordpress\/wp-json\/wp\/v2\/comments?post=18687"}],"version-history":[{"count":1,"href":"https:\/\/www.confere.org.br\/wordpress\/wp-json\/wp\/v2\/posts\/18687\/revisions"}],"predecessor-version":[{"id":18689,"href":"https:\/\/www.confere.org.br\/wordpress\/wp-json\/wp\/v2\/posts\/18687\/revisions\/18689"}],"wp:featuredmedia":[{"embeddable":true,"href":"https:\/\/www.confere.org.br\/wordpress\/wp-json\/wp\/v2\/media\/18688"}],"wp:attachment":[{"href":"https:\/\/www.confere.org.br\/wordpress\/wp-json\/wp\/v2\/media?parent=18687"}],"wp:term":[{"taxonomy":"category","embeddable":true,"href":"https:\/\/www.confere.org.br\/wordpress\/wp-json\/wp\/v2\/categories?post=18687"},{"taxonomy":"post_tag","embeddable":true,"href":"https:\/\/www.confere.org.br\/wordpress\/wp-json\/wp\/v2\/tags?post=18687"}],"curies":[{"name":"wp","href":"https:\/\/api.w.org\/{rel}","templated":true}]}}