{"id":187,"date":"2019-09-11T15:14:59","date_gmt":"2019-09-11T18:14:59","guid":{"rendered":"http:\/\/confere.org.br\/wordpress\/?p=187"},"modified":"2019-10-10T16:58:57","modified_gmt":"2019-10-10T19:58:57","slug":"187-2","status":"publish","type":"post","link":"https:\/\/www.confere.org.br\/wordpress\/187-2\/","title":{"rendered":"D\u00favida 3"},"content":{"rendered":"\n<h2>Como visualizar an\u00fancio de oportunidade de neg\u00f3cios no site do Confere? <\/h2>\n\n\n\n<ul><li> Acesse o Menu Representante Comercial<\/li><li>Depois clique na op\u00e7\u00e3o Oportunidades de Neg\u00f3cios<\/li><li>Nessa p\u00e1gina ser\u00e1 poss\u00edvel visualizar as oportunidades e se for empresa tamb\u00e9m cadastrar outras novas. <\/li><\/ul>\n","protected":false},"excerpt":{"rendered":"<p>Como visualizar an\u00fancio de oportunidade de neg\u00f3cios no site do Confere? Acesse o Menu Representante Comercial Depois clique na op\u00e7\u00e3o Oportunidades de Neg\u00f3cios Nessa p\u00e1gina ser\u00e1 poss\u00edvel visualizar as oportunidades e se for empresa tamb\u00e9m cadastrar outras novas.<\/p>\n","protected":false},"author":1,"featured_media":192,"comment_status":"closed","ping_status":"open","sticky":false,"template":"","format":"standard","meta":[],"categories":[26],"tags":[],"_links":{"self":[{"href":"https:\/\/www.confere.org.br\/wordpress\/wp-json\/wp\/v2\/posts\/187"}],"collection":[{"href":"https:\/\/www.confere.org.br\/wordpress\/wp-json\/wp\/v2\/posts"}],"about":[{"href":"https:\/\/www.confere.org.br\/wordpress\/wp-json\/wp\/v2\/types\/post"}],"author":[{"embeddable":true,"href":"https:\/\/www.confere.org.br\/wordpress\/wp-json\/wp\/v2\/users\/1"}],"replies":[{"embeddable":true,"href":"https:\/\/www.confere.org.br\/wordpress\/wp-json\/wp\/v2\/comments?post=187"}],"version-history":[{"count":2,"href":"https:\/\/www.confere.org.br\/wordpress\/wp-json\/wp\/v2\/posts\/187\/revisions"}],"predecessor-version":[{"id":191,"href":"https:\/\/www.confere.org.br\/wordpress\/wp-json\/wp\/v2\/posts\/187\/revisions\/191"}],"wp:featuredmedia":[{"embeddable":true,"href":"https:\/\/www.confere.org.br\/wordpress\/wp-json\/wp\/v2\/media\/192"}],"wp:attachment":[{"href":"https:\/\/www.confere.org.br\/wordpress\/wp-json\/wp\/v2\/media?parent=187"}],"wp:term":[{"taxonomy":"category","embeddable":true,"href":"https:\/\/www.confere.org.br\/wordpress\/wp-json\/wp\/v2\/categories?post=187"},{"taxonomy":"post_tag","embeddable":true,"href":"https:\/\/www.confere.org.br\/wordpress\/wp-json\/wp\/v2\/tags?post=187"}],"curies":[{"name":"wp","href":"https:\/\/api.w.org\/{rel}","templated":true}]}}