{"id":1872,"date":"2019-11-21T14:42:03","date_gmt":"2019-11-21T17:42:03","guid":{"rendered":"http:\/\/www.confere.org.br\/wordpress\/?p=1872"},"modified":"2021-02-25T12:14:12","modified_gmt":"2021-02-25T15:14:12","slug":"processo-de-licitacao-no-014-2016-contratacao-de-empresa-especializada-na-prestacao-de-servicos-de-administracao-gerenciamento-emissao-e-fornecimento-de-vale-refeicao-na-forma-de-cartao-eletronic","status":"publish","type":"post","link":"https:\/\/www.confere.org.br\/wordpress\/processo-de-licitacao-no-014-2016-contratacao-de-empresa-especializada-na-prestacao-de-servicos-de-administracao-gerenciamento-emissao-e-fornecimento-de-vale-refeicao-na-forma-de-cartao-eletronic\/","title":{"rendered":"Processo de Licita\u00e7\u00e3o n\u00ba 014\/2016 &#8211; Contrata\u00e7\u00e3o de empresa especializada na presta\u00e7\u00e3o de servi\u00e7os de administra\u00e7\u00e3o, gerenciamento, emiss\u00e3o e fornecimento de vale-refei\u00e7\u00e3o, na forma de Cart\u00e3o Eletr\u00f4nico magn\u00e9tico com chip de seguran\u00e7a"},"content":{"rendered":"\n<p>09\/12\/2016 &#8211; <a rel=\"noreferrer noopener\" aria-label=\"Instrumento Convocat\u00f3rio&nbsp;e Anexos - n\u00ba 001\/2016 (abre numa nova aba)\" href=\"https:\/\/confere.org.br\/PDF\/Edital%20pregao.pdf\" target=\"_blank\">Instrumento Convocat\u00f3rio&nbsp;e Anexos &#8211; n\u00ba 001\/2016<\/a> <\/p>\n\n\n\n<p>14\/12\/2016 &#8211; <a rel=\"noreferrer noopener\" aria-label=\"Aviso - n\u00ba 001\/2016 (abre numa nova aba)\" href=\"https:\/\/confere.org.br\/PDF\/pub_recebimento_propostas.pdf\" target=\"_blank\">Aviso &#8211; n\u00ba 001\/2016<\/a> <\/p>\n\n\n\n<p>01\/02\/2020 &#8211; <a rel=\"noreferrer noopener\" aria-label=\"Extrato de Instrumento Contratual (abre numa nova aba)\" href=\"https:\/\/www.confere.org.br\/wordpress\/wp-content\/uploads\/2020\/02\/Extrato_de_Instrumento_Contratual_014_2016.pdf\" target=\"_blank\">Extrato de Instrumento Contratual<\/a>  <\/p>\n\n\n\n<p>08\/01\/2021 &#8211; <a rel=\"noreferrer noopener\" href=\"https:\/\/www.confere.org.br\/wordpress\/wp-content\/uploads\/2021\/01\/Extrato-do-Quarto-Termo-Aditivo-da-VR.pdf\" target=\"_blank\">Extrato do Quarto Termo Aditivo da VR<\/a><\/p>\n\n\n\n<p>21\/12\/2016 &#8211; <a href=\"https:\/\/www.confere.org.br\/wordpress\/wp-content\/uploads\/2021\/02\/termo-de-adjuducacao-012016.pdf\" target=\"_blank\" rel=\"noreferrer noopener\">Termo de Adjudica\u00e7\u00e3o n\u00ba 001\/2016<\/a><\/p>\n\n\n\n<p>12\/01\/2017 &#8211; <a href=\"https:\/\/www.confere.org.br\/wordpress\/wp-content\/uploads\/2021\/02\/termo-de-homologacao-012016.pdf\" target=\"_blank\" rel=\"noreferrer noopener\">Termo de Homologa\u00e7\u00e3o n\u00ba 001\/2016<\/a><\/p>\n\n\n\n<p><\/p>\n","protected":false},"excerpt":{"rendered":"<p>09\/12\/2016 &#8211; Instrumento Convocat\u00f3rio&nbsp;e Anexos &#8211; n\u00ba 001\/2016 14\/12\/2016 &#8211; Aviso &#8211; n\u00ba 001\/2016 01\/02\/2020 &#8211; Extrato de Instrumento Contratual 08\/01\/2021 &#8211; Extrato do Quarto Termo Aditivo da VR 21\/12\/2016 &#8211; Termo de Adjudica\u00e7\u00e3o n\u00ba 001\/2016 12\/01\/2017 &#8211; Termo de Homologa\u00e7\u00e3o n\u00ba 001\/2016<\/p>\n","protected":false},"author":1,"featured_media":0,"comment_status":"closed","ping_status":"closed","sticky":false,"template":"","format":"standard","meta":[],"categories":[32],"tags":[],"_links":{"self":[{"href":"https:\/\/www.confere.org.br\/wordpress\/wp-json\/wp\/v2\/posts\/1872"}],"collection":[{"href":"https:\/\/www.confere.org.br\/wordpress\/wp-json\/wp\/v2\/posts"}],"about":[{"href":"https:\/\/www.confere.org.br\/wordpress\/wp-json\/wp\/v2\/types\/post"}],"author":[{"embeddable":true,"href":"https:\/\/www.confere.org.br\/wordpress\/wp-json\/wp\/v2\/users\/1"}],"replies":[{"embeddable":true,"href":"https:\/\/www.confere.org.br\/wordpress\/wp-json\/wp\/v2\/comments?post=1872"}],"version-history":[{"count":5,"href":"https:\/\/www.confere.org.br\/wordpress\/wp-json\/wp\/v2\/posts\/1872\/revisions"}],"predecessor-version":[{"id":4380,"href":"https:\/\/www.confere.org.br\/wordpress\/wp-json\/wp\/v2\/posts\/1872\/revisions\/4380"}],"wp:attachment":[{"href":"https:\/\/www.confere.org.br\/wordpress\/wp-json\/wp\/v2\/media?parent=1872"}],"wp:term":[{"taxonomy":"category","embeddable":true,"href":"https:\/\/www.confere.org.br\/wordpress\/wp-json\/wp\/v2\/categories?post=1872"},{"taxonomy":"post_tag","embeddable":true,"href":"https:\/\/www.confere.org.br\/wordpress\/wp-json\/wp\/v2\/tags?post=1872"}],"curies":[{"name":"wp","href":"https:\/\/api.w.org\/{rel}","templated":true}]}}