{"id":1882,"date":"2019-11-21T14:45:48","date_gmt":"2019-11-21T17:45:48","guid":{"rendered":"http:\/\/www.confere.org.br\/wordpress\/?p=1882"},"modified":"2021-02-25T13:38:50","modified_gmt":"2021-02-25T16:38:50","slug":"processo-de-licitacao-no-024-2016-servico-de-impressao-e-acabamento-grafico-de-1-700-exemplares-da-revista-institucional-numero-de-31","status":"publish","type":"post","link":"https:\/\/www.confere.org.br\/wordpress\/processo-de-licitacao-no-024-2016-servico-de-impressao-e-acabamento-grafico-de-1-700-exemplares-da-revista-institucional-numero-de-31\/","title":{"rendered":"Processo de Licita\u00e7\u00e3o n\u00ba 024\/2016 &#8211; Servi\u00e7o de impress\u00e3o e acabamento gr\u00e1fico de 1.700 exemplares da Revista Institucional n\u00famero de 31"},"content":{"rendered":"\n<p>14\/12\/2016 &#8211; <a rel=\"noreferrer noopener\" aria-label=\"Aviso n\u00ba 002\/2016 (abre numa nova aba)\" href=\"https:\/\/confere.org.br\/PDF\/EDITAL%20REVISTA%20FINAL.pdf\" target=\"_blank\">Aviso n\u00ba 002\/2016<\/a><\/p>\n\n\n\n<p>12\/01\/2017 &#8211; <a href=\"https:\/\/www.confere.org.br\/wordpress\/wp-content\/uploads\/2021\/02\/termo-de-adjudicacao-022016.pdf\" target=\"_blank\" rel=\"noreferrer noopener\">Termo de Adjudica\u00e7\u00e3o n\u00ba 002\/2016<\/a><\/p>\n\n\n\n<p>12\/01\/2017 &#8211; <a href=\"https:\/\/www.confere.org.br\/wordpress\/wp-content\/uploads\/2021\/02\/termo-de-homologacao-022016.pdf\" target=\"_blank\" rel=\"noreferrer noopener\">Termo de Homologa\u00e7\u00e3o n\u00ba 002\/2016<\/a><\/p>\n\n\n\n<p><br> <\/p>\n","protected":false},"excerpt":{"rendered":"<p>14\/12\/2016 &#8211; Aviso n\u00ba 002\/2016 12\/01\/2017 &#8211; Termo de Adjudica\u00e7\u00e3o n\u00ba 002\/2016 12\/01\/2017 &#8211; Termo de Homologa\u00e7\u00e3o n\u00ba 002\/2016<\/p>\n","protected":false},"author":1,"featured_media":0,"comment_status":"closed","ping_status":"closed","sticky":false,"template":"","format":"standard","meta":[],"categories":[32],"tags":[],"_links":{"self":[{"href":"https:\/\/www.confere.org.br\/wordpress\/wp-json\/wp\/v2\/posts\/1882"}],"collection":[{"href":"https:\/\/www.confere.org.br\/wordpress\/wp-json\/wp\/v2\/posts"}],"about":[{"href":"https:\/\/www.confere.org.br\/wordpress\/wp-json\/wp\/v2\/types\/post"}],"author":[{"embeddable":true,"href":"https:\/\/www.confere.org.br\/wordpress\/wp-json\/wp\/v2\/users\/1"}],"replies":[{"embeddable":true,"href":"https:\/\/www.confere.org.br\/wordpress\/wp-json\/wp\/v2\/comments?post=1882"}],"version-history":[{"count":3,"href":"https:\/\/www.confere.org.br\/wordpress\/wp-json\/wp\/v2\/posts\/1882\/revisions"}],"predecessor-version":[{"id":4396,"href":"https:\/\/www.confere.org.br\/wordpress\/wp-json\/wp\/v2\/posts\/1882\/revisions\/4396"}],"wp:attachment":[{"href":"https:\/\/www.confere.org.br\/wordpress\/wp-json\/wp\/v2\/media?parent=1882"}],"wp:term":[{"taxonomy":"category","embeddable":true,"href":"https:\/\/www.confere.org.br\/wordpress\/wp-json\/wp\/v2\/categories?post=1882"},{"taxonomy":"post_tag","embeddable":true,"href":"https:\/\/www.confere.org.br\/wordpress\/wp-json\/wp\/v2\/tags?post=1882"}],"curies":[{"name":"wp","href":"https:\/\/api.w.org\/{rel}","templated":true}]}}