{"id":18991,"date":"2026-04-28T08:59:08","date_gmt":"2026-04-28T11:59:08","guid":{"rendered":"https:\/\/www.confere.org.br\/wordpress\/?p=18991"},"modified":"2026-04-28T08:59:08","modified_gmt":"2026-04-28T11:59:08","slug":"divida-publica-federal-cai-234-em-marco-e-volta-aos-r-86-trilhoes","status":"publish","type":"post","link":"https:\/\/www.confere.org.br\/wordpress\/divida-publica-federal-cai-234-em-marco-e-volta-aos-r-86-trilhoes\/","title":{"rendered":"D\u00edvida P\u00fablica Federal cai 2,34% em mar\u00e7o e volta aos R$ 8,6 trilh\u00f5es"},"content":{"rendered":"\n<p>O forte vencimento de t\u00edtulos vinculados \u00e0 Taxa Selic (juros b\u00e1sicos da economia) fez a D\u00edvida P\u00fablica Federal (DPF) cair em mar\u00e7o. Segundo n\u00fameros divulgados nesta segunda-feira (27) pelo Tesouro Nacional, a DPF passou de R$ 8,841 trilh\u00f5es em fevereiro para R$ 8,633 trilh\u00f5es no m\u00eas passado, queda de 2,34%.<\/p>\n<p>Em agosto do ano passado, o indicador superou pela primeira vez a barreira de R$ 8 trilh\u00f5es. De acordo com o Plano Anual de Financiamento (PAF), apresentado em janeiro, o estoque da DPF deve encerrar 2026 entre R$ 9,7 trilh\u00f5es e R$ 10,3 trilh\u00f5es.<\/p>\n<p>A D\u00edvida P\u00fablica Mobili\u00e1ria (em t\u00edtulos) interna (DPMFi) recuou 2,17%, passando de R$ 8,511 trilh\u00f5es em fevereiro para R$ 8,302 trilh\u00f5es em mar\u00e7o. No m\u00eas passado, o Tesouro resgatou R$ 302,32 bilh\u00f5es em t\u00edtulos a mais do que emitiu, principalmente em pap\u00e9is ligados \u00e0 Selic. A queda s\u00f3 n\u00e3o foi maior por causa da apropria\u00e7\u00e3o de R$ 93,01 bilh\u00f5es em juros.<\/p>\n<p>Por meio da apropria\u00e7\u00e3o de juros, o governo reconhece, m\u00eas a m\u00eas, a corre\u00e7\u00e3o dos juros que incide sobre os t\u00edtulos e incorpora o valor ao estoque da d\u00edvida p\u00fablica. Com a Taxa Selic (juros b\u00e1sicos da economia) em 14,75% ao ano, a apropria\u00e7\u00e3o de juros pressiona o endividamento do governo.<\/p>\n<p>No m\u00eas passado, o Tesouro emitiu R$ 93,29 bilh\u00f5es em t\u00edtulos da DPMFi. No entanto, com o alto volume de vencimentos em mar\u00e7o, os resgates foram muito maiores e somaram R$ 395,60 bilh\u00f5es.<\/p>\n<p>A D\u00edvida P\u00fablica Federal externa (DPFe) subiu 0,61%, passando de R$ 329,65 bilh\u00f5es em fevereiro para R$ 331,64 bilh\u00f5es em mar\u00e7o. Al\u00e9m da alta de 1,36% do d\u00f3lar no m\u00eas passado, provocada pelo in\u00edcio da guerra no Oriente M\u00e9dio, a d\u00edvida aumentou por causa de um empr\u00e9stimo de R$ 6,88 bilh\u00f5es com organismos internacionais no m\u00eas passado.<\/p>\n<h3>Colch\u00e3o<\/h3>\n<p><br \/>Ap\u00f3s uma alta em janeiro, o colch\u00e3o da d\u00edvida p\u00fablica (reserva financeira usada em momentos de turbul\u00eancia ou de forte concentra\u00e7\u00e3o de vencimentos) caiu em mar\u00e7o. Essa reserva passou de R$ 1,192 trilh\u00e3o em fevereiro para R$ 885 bilh\u00f5es. O principal motivo, segundo o Tesouro Nacional, foi o resgate l\u00edquido (resgates menos emiss\u00f5es) no m\u00eas passado. No entanto, a recompra de R$ 49 bilh\u00f5es em t\u00edtulos da d\u00edvida p\u00fablica nos primeiros dias da guerra no Oriente M\u00e9dio, para estabilizar o mercado, tamb\u00e9m contribuiu.<\/p>\n<p>Atualmente, o colch\u00e3o cobre 5,69 meses de vencimentos da d\u00edvida p\u00fablica. Nos pr\u00f3ximos 12 meses, est\u00e1 previsto o vencimento de R$ 1,68 trilh\u00e3o em t\u00edtulos federais.<\/p>\n<h3>Composi\u00e7\u00e3o<\/h3>\n<p><br \/>Com o forte vencimento de t\u00edtulos vinculados \u00e0 Selic, a composi\u00e7\u00e3o da DPF variou da seguinte forma de fevereiro para mar\u00e7o:<\/p>\n<ul>\n<li>T\u00edtulos vinculados \u00e0 Selic: 49,1% para 47,71%;<\/li>\n<li>T\u00edtulos corrigidos pela infla\u00e7\u00e3o: 25,85% para 26,67%;<\/li>\n<li>T\u00edtulos prefixados: 21,33% para 21,80%;<\/li>\n<li>T\u00edtulos vinculados ao c\u00e2mbio: 3,71% para 3,83%.<\/li>\n<\/ul>\n<p>O PAF prev\u00ea que os t\u00edtulos encerrar\u00e3o o ano nos seguintes intervalos:<\/p>\n<ul>\n<li>T\u00edtulos vinculados \u00e0 Selic: 46% a 50%;<\/li>\n<li>T\u00edtulos corrigidos pela infla\u00e7\u00e3o: 23% a 27%;<\/li>\n<li>T\u00edtulos prefixados: 21% a 25%;<\/li>\n<li>T\u00edtulos vinculados ao c\u00e2mbio: 3% a 7%.<\/li>\n<\/ul>\n<p>Normalmente, os pap\u00e9is prefixados (com taxas definidas no momento da emiss\u00e3o) indicam mais previsibilidade para a d\u00edvida p\u00fablica, porque as taxas s\u00e3o definidas com anteced\u00eancia. No entanto, em momentos de instabilidade no mercado financeiro, as emiss\u00f5es caem porque os investidores pedem juros muito altos, o que comprometeria a administra\u00e7\u00e3o da d\u00edvida do governo.<\/p>\n<p>Em rela\u00e7\u00e3o aos pap\u00e9is vinculados \u00e0 Selic (juros b\u00e1sicos da economia), esses t\u00edtulos est\u00e3o atraindo o interesse dos compradores por causa das altas promovidas pelo Comit\u00ea de Pol\u00edtica Monet\u00e1ria do Banco Central (Copom) at\u00e9 meados do ano passado. A d\u00edvida cambial \u00e9 composta por antigos t\u00edtulos da d\u00edvida interna corrigidos em d\u00f3lar e pela d\u00edvida externa.<\/p>\n<h3>Prazo<\/h3>\n<p><br \/>O prazo m\u00e9dio da DPF subiu de 4 para 4,1 anos. O Tesouro s\u00f3 fornece a estimativa em anos, n\u00e3o em meses. Esse \u00e9 o intervalo m\u00e9dio que o governo leva para renovar (refinanciar) a d\u00edvida p\u00fablica. Prazos maiores indicam mais confian\u00e7a dos investidores na capacidade do governo de honrar os compromissos.<\/p>\n<h3>Detentores<\/h3>\n<p><br \/>A composi\u00e7\u00e3o dos detentores da D\u00edvida P\u00fablica Federal interna ficou a seguinte:<\/p>\n<ul>\n<li>Institui\u00e7\u00f5es financeiras: 31,47% do estoque;<\/li>\n<li>Fundos de pens\u00e3o: 23%;<\/li>\n<li>Fundos de investimentos: 20,86%;<\/li>\n<li>N\u00e3o residentes (estrangeiros): 10,7%<\/li>\n<li>Demais grupos: 13,97%.<\/li>\n<\/ul>\n<p><br \/>Apesar da maior tens\u00e3o no mercado financeiro em mar\u00e7o, com a guerra no Oriente M\u00e9dio, a participa\u00e7\u00e3o dos n\u00e3o residentes (estrangeiros) oscilou levemente em rela\u00e7\u00e3o a fevereiro, quando estava em 10,74%. Quanto maior a fatia de estrangeiros na d\u00edvida interna, maior a confian\u00e7a no Brasil.<\/p>\n<p>Por meio da d\u00edvida p\u00fablica, o governo pega dinheiro emprestado dos investidores para honrar compromissos financeiros. Em troca, compromete-se a devolver os recursos depois de alguns anos, com alguma corre\u00e7\u00e3o, que pode seguir a taxa Selic (juros b\u00e1sicos da economia), a infla\u00e7\u00e3o, o d\u00f3lar ou ser prefixada (definida com anteced\u00eancia).<\/p>\n<p>Fonte: Ag\u00eancia Brasil<\/p>\n","protected":false},"excerpt":{"rendered":"<p>Grande vencimento de t\u00edtulos ligados \u00e0 Selic puxou queda<\/p>\n","protected":false},"author":9,"featured_media":18992,"comment_status":"closed","ping_status":"closed","sticky":false,"template":"","format":"standard","meta":[],"categories":[2],"tags":[],"_links":{"self":[{"href":"https:\/\/www.confere.org.br\/wordpress\/wp-json\/wp\/v2\/posts\/18991"}],"collection":[{"href":"https:\/\/www.confere.org.br\/wordpress\/wp-json\/wp\/v2\/posts"}],"about":[{"href":"https:\/\/www.confere.org.br\/wordpress\/wp-json\/wp\/v2\/types\/post"}],"author":[{"embeddable":true,"href":"https:\/\/www.confere.org.br\/wordpress\/wp-json\/wp\/v2\/users\/9"}],"replies":[{"embeddable":true,"href":"https:\/\/www.confere.org.br\/wordpress\/wp-json\/wp\/v2\/comments?post=18991"}],"version-history":[{"count":1,"href":"https:\/\/www.confere.org.br\/wordpress\/wp-json\/wp\/v2\/posts\/18991\/revisions"}],"predecessor-version":[{"id":18993,"href":"https:\/\/www.confere.org.br\/wordpress\/wp-json\/wp\/v2\/posts\/18991\/revisions\/18993"}],"wp:featuredmedia":[{"embeddable":true,"href":"https:\/\/www.confere.org.br\/wordpress\/wp-json\/wp\/v2\/media\/18992"}],"wp:attachment":[{"href":"https:\/\/www.confere.org.br\/wordpress\/wp-json\/wp\/v2\/media?parent=18991"}],"wp:term":[{"taxonomy":"category","embeddable":true,"href":"https:\/\/www.confere.org.br\/wordpress\/wp-json\/wp\/v2\/categories?post=18991"},{"taxonomy":"post_tag","embeddable":true,"href":"https:\/\/www.confere.org.br\/wordpress\/wp-json\/wp\/v2\/tags?post=18991"}],"curies":[{"name":"wp","href":"https:\/\/api.w.org\/{rel}","templated":true}]}}