{"id":18998,"date":"2026-04-29T13:13:52","date_gmt":"2026-04-29T16:13:52","guid":{"rendered":"https:\/\/www.confere.org.br\/wordpress\/?p=18998"},"modified":"2026-04-29T13:13:53","modified_gmt":"2026-04-29T16:13:53","slug":"triade-profissional-itinerante-do-core-mg-chega-a-juiz-de-fora-e-fortalece-atendimento-a-categoria","status":"publish","type":"post","link":"https:\/\/www.confere.org.br\/wordpress\/triade-profissional-itinerante-do-core-mg-chega-a-juiz-de-fora-e-fortalece-atendimento-a-categoria\/","title":{"rendered":"Tr\u00edade Profissional Itinerante do CORE-MG chega a Juiz de Fora e fortalece atendimento \u00e0 categoria"},"content":{"rendered":"\n<p>Dando continuidade ao seu calend\u00e1rio de a\u00e7\u00f5es itinerantes em 2026, o Conselho Regional dos Representantes Comerciais de Minas Gerais (CORE-MG) realizou, no dia 24 de abril, mais uma edi\u00e7\u00e3o da Tr\u00edade Profissional Itinerante, desta vez em Juiz de Fora, importante polo econ\u00f4mico da Zona da Mata mineira.<\/p>\n<p>A iniciativa refor\u00e7a o compromisso do Conselho em ampliar sua presen\u00e7a no interior do estado, promovendo o acesso facilitado a servi\u00e7os essenciais e fortalecendo o relacionamento com os representantes comerciais em diferentes regi\u00f5es de Minas Gerais.<\/p>\n<p>Durante a a\u00e7\u00e3o, os profissionais tiveram acesso a atendimentos administrativos, orienta\u00e7\u00f5es jur\u00eddicas e esclarecimentos sobre a legisla\u00e7\u00e3o que regulamenta a atividade de representa\u00e7\u00e3o comercial. A proposta da Tr\u00edade \u00e9 concentrar, em um \u00fanico espa\u00e7o, suporte t\u00e9cnico e institucional, garantindo mais praticidade e proximidade com a categoria.<\/p>\n<h3>Atendimento pr\u00f3ximo e fortalecimento da categoria<\/h3>\n<p><br \/>A edi\u00e7\u00e3o em Juiz de Fora proporcionou um ambiente de di\u00e1logo direto entre o CORE-MG e os profissionais da regi\u00e3o. Al\u00e9m de resolver demandas individuais, o encontro tamb\u00e9m permitiu identificar necessidades espec\u00edficas locais, contribuindo para o aprimoramento cont\u00ednuo das a\u00e7\u00f5es do Conselho.<br \/>O atendimento presencial se destaca como uma ferramenta estrat\u00e9gica para orientar os representantes comerciais sobre seus direitos e deveres, al\u00e9m de incentivar a regulariza\u00e7\u00e3o profissional e a atua\u00e7\u00e3o em conformidade com a legisla\u00e7\u00e3o vigente.<\/p>\n<h3>Interioriza\u00e7\u00e3o como estrat\u00e9gia institucional<\/h3>\n<p><br \/>A Tr\u00edade Profissional Itinerante faz parte de um projeto consolidado do CORE-MG, que tem como objetivo descentralizar os servi\u00e7os e levar o Conselho at\u00e9 onde o representante comercial est\u00e1. A a\u00e7\u00e3o d\u00e1 sequ\u00eancia a outras edi\u00e7\u00f5es realizadas ao longo do ano, fortalecendo uma atua\u00e7\u00e3o cada vez mais pr\u00f3xima, acess\u00edvel e eficiente.<\/p>\n<p>Com mais uma edi\u00e7\u00e3o realizada com sucesso, o CORE-MG reafirma seu papel n\u00e3o apenas como \u00f3rg\u00e3o fiscalizador, mas como parceiro do representante comercial, promovendo valoriza\u00e7\u00e3o, orienta\u00e7\u00e3o e suporte cont\u00ednuo \u00e0 categoria em todo o estado.<\/p>\n<p>\u00a0<\/p>\n","protected":false},"excerpt":{"rendered":"<p>A\u00e7\u00e3o realizada no dia 24 de abril levou servi\u00e7os, orienta\u00e7\u00e3o e suporte direto aos representantes comerciais da Zona da Mata<\/p>\n","protected":false},"author":9,"featured_media":19002,"comment_status":"closed","ping_status":"closed","sticky":false,"template":"","format":"standard","meta":[],"categories":[34,49],"tags":[],"_links":{"self":[{"href":"https:\/\/www.confere.org.br\/wordpress\/wp-json\/wp\/v2\/posts\/18998"}],"collection":[{"href":"https:\/\/www.confere.org.br\/wordpress\/wp-json\/wp\/v2\/posts"}],"about":[{"href":"https:\/\/www.confere.org.br\/wordpress\/wp-json\/wp\/v2\/types\/post"}],"author":[{"embeddable":true,"href":"https:\/\/www.confere.org.br\/wordpress\/wp-json\/wp\/v2\/users\/9"}],"replies":[{"embeddable":true,"href":"https:\/\/www.confere.org.br\/wordpress\/wp-json\/wp\/v2\/comments?post=18998"}],"version-history":[{"count":1,"href":"https:\/\/www.confere.org.br\/wordpress\/wp-json\/wp\/v2\/posts\/18998\/revisions"}],"predecessor-version":[{"id":19003,"href":"https:\/\/www.confere.org.br\/wordpress\/wp-json\/wp\/v2\/posts\/18998\/revisions\/19003"}],"wp:featuredmedia":[{"embeddable":true,"href":"https:\/\/www.confere.org.br\/wordpress\/wp-json\/wp\/v2\/media\/19002"}],"wp:attachment":[{"href":"https:\/\/www.confere.org.br\/wordpress\/wp-json\/wp\/v2\/media?parent=18998"}],"wp:term":[{"taxonomy":"category","embeddable":true,"href":"https:\/\/www.confere.org.br\/wordpress\/wp-json\/wp\/v2\/categories?post=18998"},{"taxonomy":"post_tag","embeddable":true,"href":"https:\/\/www.confere.org.br\/wordpress\/wp-json\/wp\/v2\/tags?post=18998"}],"curies":[{"name":"wp","href":"https:\/\/api.w.org\/{rel}","templated":true}]}}