{"id":19012,"date":"2026-04-30T13:32:18","date_gmt":"2026-04-30T16:32:18","guid":{"rendered":"https:\/\/www.confere.org.br\/wordpress\/?p=19012"},"modified":"2026-04-30T13:32:18","modified_gmt":"2026-04-30T16:32:18","slug":"confere-convoca-novos-aprovados-no-concurso-publico-no-01-2024-para-apresentacao-de-documentos","status":"publish","type":"post","link":"https:\/\/www.confere.org.br\/wordpress\/confere-convoca-novos-aprovados-no-concurso-publico-no-01-2024-para-apresentacao-de-documentos\/","title":{"rendered":"Confere convoca novos aprovados no Concurso P\u00fablico n\u00ba 01\/2024 para apresenta\u00e7\u00e3o de documentos"},"content":{"rendered":"\n<p>O Conselho Federal dos Representantes Comerciais (Confere) publicou o Edital de Convoca\u00e7\u00e3o n\u00ba 03\/2026, referente ao Concurso P\u00fablico n\u00ba 01\/2024, convocando candidatos aprovados para a pr\u00f3xima etapa do processo de admiss\u00e3o.<\/p>\n<p>Os convocados dever\u00e3o comparecer \u00e0 sede do Confere, em Bras\u00edlia\/DF, no prazo m\u00e1ximo de 10 (dez) dias corridos, contados a partir do recebimento da comunica\u00e7\u00e3o oficial enviada por WhatsApp e e-mail, para apresenta\u00e7\u00e3o da documenta\u00e7\u00e3o exigida no edital.<\/p>\n<p>A entrega dos documentos \u00e9 etapa obrigat\u00f3ria para a formaliza\u00e7\u00e3o da contrata\u00e7\u00e3o e dever\u00e1 ser realizada no Setor Banc\u00e1rio Sul, Quadra 02, Bloco Q, Edif\u00edcio Jo\u00e3o Carlos Saad, 14\u00ba andar, no hor\u00e1rio das 8h30 \u00e0s 17h30.<\/p>\n<p>A lista de convocados contempla cargos de Assistente Administrativo, Assistente Jur\u00eddico, Auditor e Contador, incluindo candidatos das modalidades de ampla concorr\u00eancia, pessoas com defici\u00eancia (PCD) e pessoas pretas e pardas (PPP).<\/p>\n<p>Conforme previsto no edital, o n\u00e3o comparecimento dentro do prazo estabelecido implicar\u00e1 elimina\u00e7\u00e3o do candidato do certame. Ap\u00f3s a entrega e valida\u00e7\u00e3o da documenta\u00e7\u00e3o, ser\u00e1 realizada avalia\u00e7\u00e3o m\u00e9dica pr\u00e9-admissional em cl\u00ednica indicada pelo Confere.<\/p>\n<p>Confira o edital completo: <a id=\"menur4eq\" class=\"fui-Link ___1q1shib f2hkw1w f3rmtva f1ewtqcl fyind8e f1k6fduh f1w7gpdv fk6fouc fjoy568 figsok6 f1s184ao f1mk8lai fnbmjn9 f1o700av f13mvf36 f1cmlufx f9n3di6 f1ids18y f1tx3yz7 f1deo86v f1eh06m1 f1iescvh fhgqx19 f1olyrje f1p93eir f1nev41a f1h8hb77 f1lqvz6u f10aw75t fsle3fq f17ae5zn\" title=\"https:\/\/www.confere.org.br\/wordpress\/wp-content\/uploads\/2026\/04\/concurso30042026.pdf\" href=\"https:\/\/www.confere.org.br\/wordpress\/wp-content\/uploads\/2026\/04\/concurso30042026.pdf\" target=\"_blank\" rel=\"noreferrer noopener\" aria-label=\"Link concurso30042026.pdf\">concurso30042026.pdf<\/a><\/p>\n","protected":false},"excerpt":{"rendered":"<p>O Conselho Federal dos Representantes Comerciais (Confere) publicou o Edital de Convoca\u00e7\u00e3o n\u00ba 03\/2026, referente ao Concurso P\u00fablico n\u00ba 01\/2024, convocando candidatos aprovados para a pr\u00f3xima etapa do processo de admiss\u00e3o. Os convocados dever\u00e3o comparecer \u00e0 sede do Confere, em Bras\u00edlia\/DF, no prazo m\u00e1ximo de 10 (dez) dias corridos, contados a partir do recebimento da &hellip; <\/p>\n<p class=\"link-more\"><a href=\"https:\/\/www.confere.org.br\/wordpress\/confere-convoca-novos-aprovados-no-concurso-publico-no-01-2024-para-apresentacao-de-documentos\/\" class=\"more-link\">Continue lendo<span class=\"screen-reader-text\"> &#8220;Confere convoca novos aprovados no Concurso P\u00fablico n\u00ba 01\/2024 para apresenta\u00e7\u00e3o de documentos&#8221;<\/span><\/a><\/p>\n","protected":false},"author":9,"featured_media":19013,"comment_status":"closed","ping_status":"closed","sticky":false,"template":"","format":"standard","meta":[],"categories":[34,49],"tags":[],"_links":{"self":[{"href":"https:\/\/www.confere.org.br\/wordpress\/wp-json\/wp\/v2\/posts\/19012"}],"collection":[{"href":"https:\/\/www.confere.org.br\/wordpress\/wp-json\/wp\/v2\/posts"}],"about":[{"href":"https:\/\/www.confere.org.br\/wordpress\/wp-json\/wp\/v2\/types\/post"}],"author":[{"embeddable":true,"href":"https:\/\/www.confere.org.br\/wordpress\/wp-json\/wp\/v2\/users\/9"}],"replies":[{"embeddable":true,"href":"https:\/\/www.confere.org.br\/wordpress\/wp-json\/wp\/v2\/comments?post=19012"}],"version-history":[{"count":1,"href":"https:\/\/www.confere.org.br\/wordpress\/wp-json\/wp\/v2\/posts\/19012\/revisions"}],"predecessor-version":[{"id":19014,"href":"https:\/\/www.confere.org.br\/wordpress\/wp-json\/wp\/v2\/posts\/19012\/revisions\/19014"}],"wp:featuredmedia":[{"embeddable":true,"href":"https:\/\/www.confere.org.br\/wordpress\/wp-json\/wp\/v2\/media\/19013"}],"wp:attachment":[{"href":"https:\/\/www.confere.org.br\/wordpress\/wp-json\/wp\/v2\/media?parent=19012"}],"wp:term":[{"taxonomy":"category","embeddable":true,"href":"https:\/\/www.confere.org.br\/wordpress\/wp-json\/wp\/v2\/categories?post=19012"},{"taxonomy":"post_tag","embeddable":true,"href":"https:\/\/www.confere.org.br\/wordpress\/wp-json\/wp\/v2\/tags?post=19012"}],"curies":[{"name":"wp","href":"https:\/\/api.w.org\/{rel}","templated":true}]}}