{"id":193,"date":"2019-09-11T15:23:09","date_gmt":"2019-09-11T18:23:09","guid":{"rendered":"http:\/\/confere.org.br\/wordpress\/?p=193"},"modified":"2019-10-10T16:58:45","modified_gmt":"2019-10-10T19:58:45","slug":"duvida-4","status":"publish","type":"post","link":"https:\/\/www.confere.org.br\/wordpress\/duvida-4\/","title":{"rendered":"D\u00favida 4"},"content":{"rendered":"\n<h2>Existe&nbsp;algum&nbsp;modelo&nbsp;de&nbsp;contrato&nbsp;de&nbsp;Representa\u00e7\u00e3o&nbsp;Comercial? <\/h2>\n\n\n\n<ul><li> Acesse&nbsp;o&nbsp;Menu&nbsp;Representante&nbsp;Comercial <\/li><li>Depois&nbsp;clique&nbsp;na&nbsp;op\u00e7\u00e3o&nbsp;Modelo&nbsp;de&nbsp;Contrato <\/li><\/ul>\n","protected":false},"excerpt":{"rendered":"<p>Existe&nbsp;algum&nbsp;modelo&nbsp;de&nbsp;contrato&nbsp;de&nbsp;Representa\u00e7\u00e3o&nbsp;Comercial? Acesse&nbsp;o&nbsp;Menu&nbsp;Representante&nbsp;Comercial Depois&nbsp;clique&nbsp;na&nbsp;op\u00e7\u00e3o&nbsp;Modelo&nbsp;de&nbsp;Contrato<\/p>\n","protected":false},"author":1,"featured_media":195,"comment_status":"closed","ping_status":"open","sticky":false,"template":"","format":"standard","meta":[],"categories":[26],"tags":[],"_links":{"self":[{"href":"https:\/\/www.confere.org.br\/wordpress\/wp-json\/wp\/v2\/posts\/193"}],"collection":[{"href":"https:\/\/www.confere.org.br\/wordpress\/wp-json\/wp\/v2\/posts"}],"about":[{"href":"https:\/\/www.confere.org.br\/wordpress\/wp-json\/wp\/v2\/types\/post"}],"author":[{"embeddable":true,"href":"https:\/\/www.confere.org.br\/wordpress\/wp-json\/wp\/v2\/users\/1"}],"replies":[{"embeddable":true,"href":"https:\/\/www.confere.org.br\/wordpress\/wp-json\/wp\/v2\/comments?post=193"}],"version-history":[{"count":2,"href":"https:\/\/www.confere.org.br\/wordpress\/wp-json\/wp\/v2\/posts\/193\/revisions"}],"predecessor-version":[{"id":196,"href":"https:\/\/www.confere.org.br\/wordpress\/wp-json\/wp\/v2\/posts\/193\/revisions\/196"}],"wp:featuredmedia":[{"embeddable":true,"href":"https:\/\/www.confere.org.br\/wordpress\/wp-json\/wp\/v2\/media\/195"}],"wp:attachment":[{"href":"https:\/\/www.confere.org.br\/wordpress\/wp-json\/wp\/v2\/media?parent=193"}],"wp:term":[{"taxonomy":"category","embeddable":true,"href":"https:\/\/www.confere.org.br\/wordpress\/wp-json\/wp\/v2\/categories?post=193"},{"taxonomy":"post_tag","embeddable":true,"href":"https:\/\/www.confere.org.br\/wordpress\/wp-json\/wp\/v2\/tags?post=193"}],"curies":[{"name":"wp","href":"https:\/\/api.w.org\/{rel}","templated":true}]}}