{"id":2067,"date":"2019-12-11T12:39:00","date_gmt":"2019-12-11T14:39:00","guid":{"rendered":"http:\/\/www.confere.org.br\/wordpress\/?p=2067"},"modified":"2019-12-17T14:19:27","modified_gmt":"2019-12-17T16:19:27","slug":"o-sistema-confere-cores-participa-de-audiencia-publica-para-debater-a-mp-905-19","status":"publish","type":"post","link":"https:\/\/www.confere.org.br\/wordpress\/o-sistema-confere-cores-participa-de-audiencia-publica-para-debater-a-mp-905-19\/","title":{"rendered":"O Sistema Confere\/Cores participa de Audi\u00eancia P\u00fablica para debater a MP 905\/19"},"content":{"rendered":"\n<p>\u201cA aprova\u00e7\u00e3o da Medida Provis\u00f3ria 905\/2019, que institui o Contrato de Trabalho Verde e Amarelo, altera a legisla\u00e7\u00e3o trabalhista e d\u00e1 outras provid\u00eancias, ofende princ\u00edpios e normas constitucionais, n\u00e3o havendo situa\u00e7\u00f5es de urg\u00eancia e relev\u00e2ncia que justifiquem sua edi\u00e7\u00e3o, devendo ser, portanto, devolvida \u00e0 Presid\u00eancia da Rep\u00fablica\u201d, Manoel Affonso Mendes de Farias Mello, diretor-presidente do Confere.<br><br><\/p>\n\n\n\n<figure class=\"wp-block-image size-large\"><img width=\"900\" height=\"675\" src=\"https:\/\/www.confere.org.br\/wordpress\/wp-content\/uploads\/2019\/12\/dep-Rogerio-Correia-pt-mg-MP-905-2019_ok.jpg\" alt=\"\" class=\"wp-image-2069\" srcset=\"https:\/\/www.confere.org.br\/wordpress\/wp-content\/uploads\/2019\/12\/dep-Rogerio-Correia-pt-mg-MP-905-2019_ok.jpg 900w, https:\/\/www.confere.org.br\/wordpress\/wp-content\/uploads\/2019\/12\/dep-Rogerio-Correia-pt-mg-MP-905-2019_ok-300x225.jpg 300w, https:\/\/www.confere.org.br\/wordpress\/wp-content\/uploads\/2019\/12\/dep-Rogerio-Correia-pt-mg-MP-905-2019_ok-768x576.jpg 768w\" sizes=\"(max-width: 900px) 100vw, 900px\" \/><figcaption> Deputado Rog\u00e9rio Correia (PT\/MG) &#8211; Presidente da Frente Parlamentar de Apoio aos Conselhos Profissionais<br><br><br><\/figcaption><\/figure>\n\n\n\n<figure class=\"wp-block-image\"><img width=\"768\" height=\"1024\" src=\"https:\/\/www.confere.org.br\/wordpress\/wp-content\/uploads\/2019\/12\/Dep-Vicentinho-PT-SD-e-Sidney-Fernandes-Pres-Core-SP-768x1024.jpg\" alt=\"\" class=\"wp-image-2070\" srcset=\"https:\/\/www.confere.org.br\/wordpress\/wp-content\/uploads\/2019\/12\/Dep-Vicentinho-PT-SD-e-Sidney-Fernandes-Pres-Core-SP-768x1024.jpg 768w, https:\/\/www.confere.org.br\/wordpress\/wp-content\/uploads\/2019\/12\/Dep-Vicentinho-PT-SD-e-Sidney-Fernandes-Pres-Core-SP-225x300.jpg 225w, https:\/\/www.confere.org.br\/wordpress\/wp-content\/uploads\/2019\/12\/Dep-Vicentinho-PT-SD-e-Sidney-Fernandes-Pres-Core-SP.jpg 960w\" sizes=\"(max-width: 768px) 100vw, 768px\" \/><figcaption> Deputado Vicentinho (PT-SP) e Sidney Fernandes &#8211; Presidente Core-SP<br><br><br><\/figcaption><\/figure>\n\n\n\n<figure class=\"wp-block-image size-large\"><img width=\"900\" height=\"675\" src=\"https:\/\/www.confere.org.br\/wordpress\/wp-content\/uploads\/2019\/12\/Dep-Erika-Kokay-PT-DF-1.jpg\" alt=\"\" class=\"wp-image-2075\" srcset=\"https:\/\/www.confere.org.br\/wordpress\/wp-content\/uploads\/2019\/12\/Dep-Erika-Kokay-PT-DF-1.jpg 900w, https:\/\/www.confere.org.br\/wordpress\/wp-content\/uploads\/2019\/12\/Dep-Erika-Kokay-PT-DF-1-300x225.jpg 300w, https:\/\/www.confere.org.br\/wordpress\/wp-content\/uploads\/2019\/12\/Dep-Erika-Kokay-PT-DF-1-768x576.jpg 768w\" sizes=\"(max-width: 900px) 100vw, 900px\" \/><figcaption> Deputada \u00c9rika Kokay (PT-DF)<\/figcaption><\/figure>\n\n\n\n<p><br><br><strong>IRREGULARIDADES DA MP 905\/19<\/strong><\/p>\n\n\n\n<ul><li><strong>DA\nAUS\u00caNCIA DE URG\u00caNCIA E RELEV\u00c2NCIA<\/strong><\/li><\/ul>\n\n\n\n<p>A MP n\u00e3o cont\u00e9m elementos ou propostas que a justifique,\npor inexistir motiva\u00e7\u00e3o que demande urg\u00eancia ou relev\u00e2ncia para a sua edi\u00e7\u00e3o,\nconforme exige o art. 62 da Constitui\u00e7\u00e3o Federal.<\/p>\n\n\n\n<ul><li><strong>DO\nCONTE\u00daDO INCONSTITUCIONAL<\/strong><\/li><\/ul>\n\n\n\n<p>O texto da MP traz conte\u00fados que ofendem princ\u00edpios e\nnormas constitucionais, por propor desigualdade de tratamento entre aqueles que\nexercem as mesmas fun\u00e7\u00f5es e atribui\u00e7\u00f5es, al\u00e9m de propiciar a inger\u00eancia nas\natribui\u00e7\u00f5es do MPT.<\/p>\n\n\n\n<ul><li><strong>INSEGURAN\u00c7A\nJUR\u00cdDICA<\/strong><\/li><\/ul>\n\n\n\n<p>A aprova\u00e7\u00e3o da MP trar\u00e1 reflexos nas rela\u00e7\u00f5es laborais em\ncurso, especialmente por beneficiar aos empregadores, sem a equival\u00eancia de\nresultados esperados na gera\u00e7\u00e3o dos empregos formais prometidos. <\/p>\n\n\n\n<ul><li><strong>INCONSTITUCIONALIDADE\nMATERIAL \u2013 OFENSA \u00c0S CL\u00c1USULAS P\u00c9TREAS<\/strong><\/li><\/ul>\n\n\n\n<p>A Medida Provis\u00f3ria estabelece isen\u00e7\u00f5es para empresas\ncontratantes, mesmo em cen\u00e1rio de crise fiscal, extinguindo o direito \u00e0\nremunera\u00e7\u00e3o das f\u00e9rias, \u00e0 gratifica\u00e7\u00e3o de f\u00e9rias, ao 13\u00ba sal\u00e1rio e ao FGTS,\nincorporando-os ao pagamento mensal. <\/p>\n\n\n\n<ul><li><strong>INCONSTITUCIONALIDADE\nFORMAL<\/strong><\/li><\/ul>\n\n\n\n<p>A MP trata de direito processual e mat\u00e9ria reservada \u00e0 lei\ncomplementar, objetos vedados \u00e0s medidas provis\u00f3rias pelo art. 62 da CF\/88.<\/p>\n\n\n\n<ul><li><strong>DESREGULAMENTA\u00c7\u00c3O\nDE PROFISS\u00d5ES<\/strong><\/li><\/ul>\n\n\n\n<p>Em flagrante preju\u00edzo \u00e0 sociedade e \u00e0s categorias\nprofissionais regulamentadas, a MP revoga a obrigatoriedade de registro para o\nexerc\u00edcio profissional de diversas profiss\u00f5es, impedindo o controle e a\nfiscaliza\u00e7\u00e3o pelo Estado, possibilitando o exerc\u00edcio irregular da profiss\u00e3o.<\/p>\n\n\n\n<p><br><strong>A QUEM INTERESSA A EDI\u00c7\u00c3O DESSA MP?<\/strong><\/p>\n\n\n\n<p>   <\/p>\n\n\n\n<p><br>Clique no link para assistir a Audi\u00eancia P\u00fablica na \u00edntegra:  <br><a href=\"https:\/\/www.youtube.com\/watch?v=Q5ZiLmn2sQY\">https:\/\/www.youtube.com\/watch?v=Q5ZiLmn2sQY<\/a> <\/p>\n","protected":false},"excerpt":{"rendered":"<p>O Sistema Confere\/Cores participa, neste momento, da Audi\u00eancia P\u00fablica, realizada hoje, dia 11 de dezembro, no Plen\u00e1rio 12, Anexo II, da C\u00e2mara dos Deputados, para debater sobre a Medida Provis\u00f3ria 905\/19.<\/p>\n","protected":false},"author":1,"featured_media":2068,"comment_status":"closed","ping_status":"open","sticky":false,"template":"","format":"standard","meta":[],"categories":[34,49],"tags":[],"_links":{"self":[{"href":"https:\/\/www.confere.org.br\/wordpress\/wp-json\/wp\/v2\/posts\/2067"}],"collection":[{"href":"https:\/\/www.confere.org.br\/wordpress\/wp-json\/wp\/v2\/posts"}],"about":[{"href":"https:\/\/www.confere.org.br\/wordpress\/wp-json\/wp\/v2\/types\/post"}],"author":[{"embeddable":true,"href":"https:\/\/www.confere.org.br\/wordpress\/wp-json\/wp\/v2\/users\/1"}],"replies":[{"embeddable":true,"href":"https:\/\/www.confere.org.br\/wordpress\/wp-json\/wp\/v2\/comments?post=2067"}],"version-history":[{"count":8,"href":"https:\/\/www.confere.org.br\/wordpress\/wp-json\/wp\/v2\/posts\/2067\/revisions"}],"predecessor-version":[{"id":2082,"href":"https:\/\/www.confere.org.br\/wordpress\/wp-json\/wp\/v2\/posts\/2067\/revisions\/2082"}],"wp:featuredmedia":[{"embeddable":true,"href":"https:\/\/www.confere.org.br\/wordpress\/wp-json\/wp\/v2\/media\/2068"}],"wp:attachment":[{"href":"https:\/\/www.confere.org.br\/wordpress\/wp-json\/wp\/v2\/media?parent=2067"}],"wp:term":[{"taxonomy":"category","embeddable":true,"href":"https:\/\/www.confere.org.br\/wordpress\/wp-json\/wp\/v2\/categories?post=2067"},{"taxonomy":"post_tag","embeddable":true,"href":"https:\/\/www.confere.org.br\/wordpress\/wp-json\/wp\/v2\/tags?post=2067"}],"curies":[{"name":"wp","href":"https:\/\/api.w.org\/{rel}","templated":true}]}}