{"id":2083,"date":"2019-12-11T14:20:00","date_gmt":"2019-12-11T16:20:00","guid":{"rendered":"http:\/\/www.confere.org.br\/wordpress\/?p=2083"},"modified":"2020-02-17T13:15:51","modified_gmt":"2020-02-17T16:15:51","slug":"sistema-confere-cores-busca-em-brasilia-a-manutencao-dos-diretos-dos-representantes-comerciais","status":"publish","type":"post","link":"https:\/\/www.confere.org.br\/wordpress\/sistema-confere-cores-busca-em-brasilia-a-manutencao-dos-diretos-dos-representantes-comerciais\/","title":{"rendered":"Sistema Confere\/Cores busca, em Bras\u00edlia, a manuten\u00e7\u00e3o dos direitos dos representantes comerciais"},"content":{"rendered":"\n<p>O deputado Kim Kataguiri (DEM-SP), relator do PL n\u00ba 5761\/2019, ap\u00f3s ouvir as demandas do Sistema Confere\/Cores, declarou que solicitar\u00e1 nova Audi\u00eancia P\u00fablica antes de prosseguir com o andamento do referido PL, e disponibilizou seu assessor Warlen Miiller para uma reuni\u00e3o em seu gabinete com os representantes do Sistema Confere\/Cores. <\/p>\n\n\n\n<p> Na oportunidade, foram expostos os preju\u00edzos irreparav\u00e9is que o Projeto de Lei causar\u00e1 aos representantes comerciais e \u00e0 sociedade, e tivemos a sensata resposta de que o mesmo n\u00e3o tramitar\u00e1 sem que seja ouvida a categoria. O Core-SP disponibilizou a sua sede para, no in\u00edcio de 2020, realizar reuni\u00e3o com o deputado Kim, objetivando analisar as quest\u00f5es que envolvem o representante comercial e o danoso Projeto de Lei n\u00ba 5761\/2019. <\/p>\n\n\n\n<p> Tamb\u00e9m merece destaque a a\u00e7\u00e3o da deputada Professora Marcivania (PC do B-AP), presidente da Comiss\u00e3o de Trabalho, de Administra\u00e7\u00e3o e Servi\u00e7o P\u00fablico, que proporcionou o primeiro contato dos representantes do Confere e do Core-RS com o relator PL n\u00ba 5761\/2019 e, da mesma forma, os deputados Vicentinho (PT-DF), Luiz Carlos Motta (PL-SP), Capit\u00e3o Augusto (PL-SP), Orlando Silva (PC do B-SP), Samia Bonfim (PSOL-SP) e Capit\u00e3o Derrite (PP-SP), que colocaram suas assessorias atentas aos pleitos do Sistema Confere\/Cores e declararam apoio \u00e0 categoria. <br><br><\/p>\n\n\n\n<figure class=\"wp-block-image size-large\"><img width=\"900\" height=\"675\" src=\"https:\/\/www.confere.org.br\/wordpress\/wp-content\/uploads\/2019\/12\/IMG-20191212-WA0006.jpg\" alt=\"\" class=\"wp-image-2085\" srcset=\"https:\/\/www.confere.org.br\/wordpress\/wp-content\/uploads\/2019\/12\/IMG-20191212-WA0006.jpg 900w, https:\/\/www.confere.org.br\/wordpress\/wp-content\/uploads\/2019\/12\/IMG-20191212-WA0006-300x225.jpg 300w, https:\/\/www.confere.org.br\/wordpress\/wp-content\/uploads\/2019\/12\/IMG-20191212-WA0006-768x576.jpg 768w\" sizes=\"(max-width: 900px) 100vw, 900px\" \/><figcaption><em>Warlen Miiller, assessor do deputado Kim Kataguiri; Paulo Porto, chefe da Procuradoria do Core-SP; Sidney Fernandes Gutierrez, diretor-presidente do Core-SP; e Paulo Lustosa, assessor da Presid\u00eancia do Confere<\/em> <\/figcaption><\/figure>\n\n\n\n<p> <br><br>Posteriormente, Paulo Lustosa, assessor da Presid\u00eancia do Confere; o diretor-presidente do Core-RS, Roberto Salvo; e o diretor-presidente do Core-PE, Archimedes Cavalcanti J\u00fanior, estiveram reunidos com os deputados Sanderson (PLS-RS), e Elvino Bohn Gass (PT-RS), que declararam apoio incondicional \u00e0 categoria. <br><br><\/p>\n\n\n\n<figure class=\"wp-block-image size-large\"><img width=\"900\" height=\"675\" src=\"https:\/\/www.confere.org.br\/wordpress\/wp-content\/uploads\/2019\/12\/IMG-20191212-WA0009.jpg\" alt=\"\" class=\"wp-image-2086\" srcset=\"https:\/\/www.confere.org.br\/wordpress\/wp-content\/uploads\/2019\/12\/IMG-20191212-WA0009.jpg 900w, https:\/\/www.confere.org.br\/wordpress\/wp-content\/uploads\/2019\/12\/IMG-20191212-WA0009-300x225.jpg 300w, https:\/\/www.confere.org.br\/wordpress\/wp-content\/uploads\/2019\/12\/IMG-20191212-WA0009-768x576.jpg 768w\" sizes=\"(max-width: 900px) 100vw, 900px\" \/><figcaption> <em>O assessor da Presid\u00eancia do Confere, Paulo Lustosa, fazendo exposi\u00e7\u00e3o do pleito da categoria ao deputado Sanderson, acompanhado do diretor-presidente do Core-RS, Roberto Salvo; do procurador do Core-RS Cristian Feoli; e do diretor-presidente do Core-PE, Archimedes Cavalcanti J\u00fanior<\/em> <br><br><br><\/figcaption><\/figure>\n\n\n\n<figure class=\"wp-block-image size-large\"><img width=\"900\" height=\"675\" src=\"https:\/\/www.confere.org.br\/wordpress\/wp-content\/uploads\/2019\/12\/IMG-20191212-WA0015.jpg\" alt=\"\" class=\"wp-image-2087\" srcset=\"https:\/\/www.confere.org.br\/wordpress\/wp-content\/uploads\/2019\/12\/IMG-20191212-WA0015.jpg 900w, https:\/\/www.confere.org.br\/wordpress\/wp-content\/uploads\/2019\/12\/IMG-20191212-WA0015-300x225.jpg 300w, https:\/\/www.confere.org.br\/wordpress\/wp-content\/uploads\/2019\/12\/IMG-20191212-WA0015-768x576.jpg 768w\" sizes=\"(max-width: 900px) 100vw, 900px\" \/><figcaption> <em>Roberto Salvo, diretor-presidente do Core-RS; Paulo Lustosa, assessor da Presid\u00eancia do Confere;o deputado Elvino Bohn Gass; e Cristian Feoli, procurador do Core-RS<\/em> <\/figcaption><\/figure>\n","protected":false},"excerpt":{"rendered":"<p>A equipe do Escrit\u00f3rio de Rela\u00e7\u00f5es Institucionais do Confere, orientada pelo diretor-presidente do Confere, Manoel Affonso Mendes, juntamente com delegados do Conselho Federal, dirigentes dos Cores Rio Grande do Sul, S\u00e3o Paulo e Pernambuco, participou de reuni\u00f5es, ontem, dia 11 de dezembro, com parlamentares na C\u00e2mara dos Deputados.<\/p>\n","protected":false},"author":3,"featured_media":2084,"comment_status":"closed","ping_status":"open","sticky":false,"template":"","format":"standard","meta":[],"categories":[34,49],"tags":[],"_links":{"self":[{"href":"https:\/\/www.confere.org.br\/wordpress\/wp-json\/wp\/v2\/posts\/2083"}],"collection":[{"href":"https:\/\/www.confere.org.br\/wordpress\/wp-json\/wp\/v2\/posts"}],"about":[{"href":"https:\/\/www.confere.org.br\/wordpress\/wp-json\/wp\/v2\/types\/post"}],"author":[{"embeddable":true,"href":"https:\/\/www.confere.org.br\/wordpress\/wp-json\/wp\/v2\/users\/3"}],"replies":[{"embeddable":true,"href":"https:\/\/www.confere.org.br\/wordpress\/wp-json\/wp\/v2\/comments?post=2083"}],"version-history":[{"count":6,"href":"https:\/\/www.confere.org.br\/wordpress\/wp-json\/wp\/v2\/posts\/2083\/revisions"}],"predecessor-version":[{"id":2463,"href":"https:\/\/www.confere.org.br\/wordpress\/wp-json\/wp\/v2\/posts\/2083\/revisions\/2463"}],"wp:featuredmedia":[{"embeddable":true,"href":"https:\/\/www.confere.org.br\/wordpress\/wp-json\/wp\/v2\/media\/2084"}],"wp:attachment":[{"href":"https:\/\/www.confere.org.br\/wordpress\/wp-json\/wp\/v2\/media?parent=2083"}],"wp:term":[{"taxonomy":"category","embeddable":true,"href":"https:\/\/www.confere.org.br\/wordpress\/wp-json\/wp\/v2\/categories?post=2083"},{"taxonomy":"post_tag","embeddable":true,"href":"https:\/\/www.confere.org.br\/wordpress\/wp-json\/wp\/v2\/tags?post=2083"}],"curies":[{"name":"wp","href":"https:\/\/api.w.org\/{rel}","templated":true}]}}