{"id":2099,"date":"2019-12-17T15:10:49","date_gmt":"2019-12-17T17:10:49","guid":{"rendered":"http:\/\/www.confere.org.br\/wordpress\/?p=2099"},"modified":"2019-12-17T15:30:52","modified_gmt":"2019-12-17T17:30:52","slug":"nota-de-atualizacao-sobre-a-mpv-no-905-2019","status":"publish","type":"post","link":"https:\/\/www.confere.org.br\/wordpress\/nota-de-atualizacao-sobre-a-mpv-no-905-2019\/","title":{"rendered":"Nota de atualiza\u00e7\u00e3o sobre a MPV n\u00ba 905\/2019"},"content":{"rendered":"\n<p>O senador S\u00e9rgio Petec\u00e3o (PSD\/AC) foi escolhido presidente, o deputado Lucas Verg\u00edlio (SDD\/GO) foi escolhido vice-presidente, e o deputado Christino Aureo (PP\/RJ) foi designado relator da mat\u00e9ria. <\/p>\n\n\n\n<p>Foram, tamb\u00e9m, apresentados quatro requerimentos para nova\naudi\u00eancia p\u00fablica na Comiss\u00e3o Mista, sendo um requerimento de autoria do deputado\nLucas Verg\u00edlio (SDD\/GO), um requerimento do senador Paulo Paim (PT\/RS) e dois\nrequerimentos do senador Paulo Rocha (PT\/PA). <\/p>\n\n\n\n<p>Aguarda-se delibera\u00e7\u00e3o dos requerimentos de audi\u00eancia p\u00fablica\ndestinados \u00e0 instru\u00e7\u00e3o da MPV n\u00ba 905\/2019 e parecer do relator na Comiss\u00e3o\nMista incumbida de analisar a mat\u00e9ria.<\/p>\n\n\n\n<p>O Confere considera ser da maior relev\u00e2ncia o trabalho da\nComiss\u00e3o Mista e a realiza\u00e7\u00e3o de audi\u00eancia das autoridades que possuam conhecimento\nda mat\u00e9ria.<\/p>\n\n\n\n<p>Conv\u00e9m salientar que a referida Medida Provis\u00f3ria foi editada\nno dia 12 de novembro de 2019 e perder\u00e1 seus efeitos no dia 20 de fevereiro de\n2020. O Poder Executivo tem a prerrogativa de pedir prorroga\u00e7\u00e3o por mais 60\ndias. Findando-se, definitivamente, no dia 20 de abril de 2020.<\/p>\n","protected":false},"excerpt":{"rendered":"<p>Ap\u00f3s a Audi\u00eancia P\u00fablica, realizada na Comiss\u00e3o de Trabalho, de Administra\u00e7\u00e3o e Servi\u00e7o P\u00fablico da C\u00e2mara dos Deputados para debater sobre a MPV n\u00ba 905\/2019, foi instalada a Comiss\u00e3o Mista destinada a emitir parecer sobre referida Medida Provis\u00f3ria.<\/p>\n","protected":false},"author":3,"featured_media":2107,"comment_status":"closed","ping_status":"open","sticky":false,"template":"","format":"standard","meta":[],"categories":[34,49],"tags":[],"_links":{"self":[{"href":"https:\/\/www.confere.org.br\/wordpress\/wp-json\/wp\/v2\/posts\/2099"}],"collection":[{"href":"https:\/\/www.confere.org.br\/wordpress\/wp-json\/wp\/v2\/posts"}],"about":[{"href":"https:\/\/www.confere.org.br\/wordpress\/wp-json\/wp\/v2\/types\/post"}],"author":[{"embeddable":true,"href":"https:\/\/www.confere.org.br\/wordpress\/wp-json\/wp\/v2\/users\/3"}],"replies":[{"embeddable":true,"href":"https:\/\/www.confere.org.br\/wordpress\/wp-json\/wp\/v2\/comments?post=2099"}],"version-history":[{"count":2,"href":"https:\/\/www.confere.org.br\/wordpress\/wp-json\/wp\/v2\/posts\/2099\/revisions"}],"predecessor-version":[{"id":2103,"href":"https:\/\/www.confere.org.br\/wordpress\/wp-json\/wp\/v2\/posts\/2099\/revisions\/2103"}],"wp:featuredmedia":[{"embeddable":true,"href":"https:\/\/www.confere.org.br\/wordpress\/wp-json\/wp\/v2\/media\/2107"}],"wp:attachment":[{"href":"https:\/\/www.confere.org.br\/wordpress\/wp-json\/wp\/v2\/media?parent=2099"}],"wp:term":[{"taxonomy":"category","embeddable":true,"href":"https:\/\/www.confere.org.br\/wordpress\/wp-json\/wp\/v2\/categories?post=2099"},{"taxonomy":"post_tag","embeddable":true,"href":"https:\/\/www.confere.org.br\/wordpress\/wp-json\/wp\/v2\/tags?post=2099"}],"curies":[{"name":"wp","href":"https:\/\/api.w.org\/{rel}","templated":true}]}}