{"id":2104,"date":"2019-12-11T15:13:00","date_gmt":"2019-12-11T17:13:00","guid":{"rendered":"http:\/\/www.confere.org.br\/wordpress\/?p=2104"},"modified":"2019-12-17T15:28:07","modified_gmt":"2019-12-17T17:28:07","slug":"vendas-do-comercio-desaceleram-em-outubro-mas-setor-tem-6a-alta-seguida","status":"publish","type":"post","link":"https:\/\/www.confere.org.br\/wordpress\/vendas-do-comercio-desaceleram-em-outubro-mas-setor-tem-6a-alta-seguida\/","title":{"rendered":"Vendas do com\u00e9rcio desaceleram em outubro, mas setor tem 6\u00aa alta seguida"},"content":{"rendered":"\n<p>Trata-se do resultado mais fraco desde maio, quando o avan\u00e7o tamb\u00e9m foi de 0,1%.<br>Apesar da perda de ritmo, foi o 6\u00ba m\u00eas seguido de crescimento do varejo.<br>&#8220;O \u00edndice de m\u00e9dia m\u00f3vel trimestral, ap\u00f3s acr\u00e9scimo de 0,6% no trimestre encerrado em setembro, mostrou perda de ritmo no trimestre encerrado em outubro (0,4%)&#8221;, informou o IBGE. <\/p>\n\n\n\n<p><strong>Alta de 1,6% no ano<\/strong>    <br>Na compara\u00e7\u00e3o com o outubro do ano passado, houve alta de 4,2% \u2013 s\u00e9tima taxa positiva seguida.                     No acumulado no ano, o avan\u00e7o chega a 1,6%. Em 12 meses, a alta passou de 1,6% em setembro para 1,8% em setembro, mantendo a trajet\u00f3ria de recupera\u00e7\u00e3o gradativa do setor, embora ainda abaixo do ritmo registrado em outubro do ano passado, quando acumulava alta de 2,8%. <\/p>\n\n\n\n<p>Segundo a gerente da pesquisa, Isabella Nunes, o varejo est\u00e1 encerrando 2019 melhor do que iniciou. \u201cIsso por conta do quadro conjuntural mais favor\u00e1vel ao consumo, com uma melhora no mercado de trabalho, apesar de predominar a informalidade, e na massa de rendimentos. A libera\u00e7\u00e3o do FGTS e a infla\u00e7\u00e3o controlada tamb\u00e9m impulsionaram as vendas.<\/p>\n\n\n\n<p> Al\u00e9m disso, houve um aumento na concess\u00e3o de cr\u00e9dito para pessoa f\u00edsica, o que estimula a aquisi\u00e7\u00e3o de bens dur\u00e1veis\u201d, avaliou. <\/p>\n\n\n\n<p> <strong>6 das 8 atividades cresceram em outubro<\/strong><br> Segundo o IBGE, 6 das 8 atividades pesquisadas tiveram alta no volume de vendas em outubro. <\/p>\n\n\n\n<p>As maiores altas ocorreram nos segmentos de equipamentos e material para escrit\u00f3rio, inform\u00e1tica e comunica\u00e7\u00e3o (5,3%) e combust\u00edveis e lubrificantes (1,7%). J\u00e1 o setor de supermercados e produtos aliment\u00edcios teve queda de 0,1%, ap\u00f3s avan\u00e7ar 4% entre maio e setembro. <\/p>\n\n\n\n<p>J\u00e1 o com\u00e9rcio varejista ampliado, que inclui ve\u00edculos automotivos e material de constru\u00e7\u00e3o, registrou um resultado melhor \u2013 alta de 0,8% na passagem de agosto para setembro. Com isso, cresceu 3,6% no indicador acumulado no ano e 3,8% em 12 meses at\u00e9 setembro. <\/p>\n\n\n\n<p>Considerando o com\u00e9rcio varejista ampliado, que inclui ve\u00edculos e materiais de constru\u00e7\u00e3o, o volume de vendas cresceu 0,8% em outubro, na compara\u00e7\u00e3o com setembro, refletindo uma alta de 2,4% nas vendas de ve\u00edculos, motos, partes e pe\u00e7as e avan\u00e7o de 2,1% do material de constru\u00e7\u00e3o. <\/p>\n\n\n\n<p> <strong>Veja o desempenho de cada segmento em outubro:<\/strong> <\/p>\n\n\n\n<ul><li> Combust\u00edveis e lubrificantes: 1,7%<\/li><li>Hipermercados, supermercados, produtos aliment\u00edcios, bebidas e fumo: -0,1%<\/li><li>Tecidos, vestu\u00e1rio e cal\u00e7ados: 0,2%<\/li><li>M\u00f3veis e eletrodom\u00e9sticos: 0,9%<\/li><li>Artigos farmac\u00eauticos, m\u00e9dicos, ortop\u00e9dicos e de perfumaria: 1,2%<\/li><li>Livros, jornais, revistas e papelaria: -1,1%<\/li><li>Equipamentos e material para escrit\u00f3rio, inform\u00e1tica e comunica\u00e7\u00e3o: 5,3%<\/li><li>Outros artigos de uso pessoal e dom\u00e9stico: 0,3%<\/li><li>Ve\u00edculos, motos, partes e pe\u00e7as: 2,4% (varejo ampliado)<\/li><li>Material de constru\u00e7\u00e3o: 2,1% (varejo ampliado) <\/li><\/ul>\n\n\n\n<p><strong>Efeito Black Friday<\/strong> <br>O IBGE ressaltou tamb\u00e9m que este outubro teve o melhor resultado dos \u00faltimos seis anos na compara\u00e7\u00e3o interanual, apesar das promo\u00e7\u00f5es esperadas para novembro. \u201cNormalmente, os consumidores postergam uma compra que poderia ser feita em outubro para novembro por causa da Black Friday&#8221;, disse a gerente da pesquisa. <\/p>\n\n\n\n<p><strong>Vendas crescem em 18 das 27 unidades da federa\u00e7\u00e3o<\/strong><br>Segundo o IBGE, as vendas cresceram em 18 das 27 unidades da federa\u00e7\u00e3o em outubro, com destaque para Amap\u00e1 (2,4%), Para\u00edba (1,9%) e Piau\u00ed (1,7%). J\u00e1 a maior queda foi registrada em Minas Gerais (-5,2%). <\/p>\n\n\n\n<p><strong>Perspectivas para a economia<\/strong><br>O ritmo de recupera\u00e7\u00e3o da economia mostra sinais de acelera\u00e7\u00e3o nesta reta final do ano. <\/p>\n\n\n\n<p>A produ\u00e7\u00e3o industrial brasileira, por exemplo, cresceu 0,8% em outubro, na terceira alta mensal seguida. No acumulado no ano, entretanto, o setor industrial ainda acumula queda de 1,1%.  Entre os fatores que t\u00eam contribu\u00eddo para um maior consumo interno, os analistas citam a queda da taxa b\u00e1sica de juros (Selic), a infla\u00e7\u00e3o sob controle, a expans\u00e3o do cr\u00e9dito, os saques do FGTS e a recupera\u00e7\u00e3o do mercado de trabalho, ainda que em ritmo lento e puxada pela informalidade, o que tem feito aumentar a massa salarial e o n\u00famero de brasileiros ocupados e com alguma renda. <\/p>\n\n\n\n<p>Os economistas das institui\u00e7\u00f5es financeiras passaram a projetar uma alta de 1,1% no Produto Interno Bruto (PIB) de 2019, segundo a \u00faltima pesquisa Focus do Banco Central. Para o ano que vem, a previs\u00e3o de crescimento subiu de 2,22% para 2,24% \u2013 na quinta alta seguida. <\/p>\n\n\n\n<p> Fonte: G1 &#8211; Globo.com <\/p>\n","protected":false},"excerpt":{"rendered":"<p>As vendas do com\u00e9rcio varejista cresceram 0,1% em outubro, na compara\u00e7\u00e3o com o m\u00eas anterior, o que representa uma desacelera\u00e7\u00e3o frente a alta de 0,8% registrada em setembro, segundo dados divulgados nesta quarta-feira (11) pelo Instituto Brasileiro de Geografia e Estat\u00edstica (IBGE).<\/p>\n","protected":false},"author":3,"featured_media":2105,"comment_status":"closed","ping_status":"open","sticky":false,"template":"","format":"standard","meta":[],"categories":[2],"tags":[],"_links":{"self":[{"href":"https:\/\/www.confere.org.br\/wordpress\/wp-json\/wp\/v2\/posts\/2104"}],"collection":[{"href":"https:\/\/www.confere.org.br\/wordpress\/wp-json\/wp\/v2\/posts"}],"about":[{"href":"https:\/\/www.confere.org.br\/wordpress\/wp-json\/wp\/v2\/types\/post"}],"author":[{"embeddable":true,"href":"https:\/\/www.confere.org.br\/wordpress\/wp-json\/wp\/v2\/users\/3"}],"replies":[{"embeddable":true,"href":"https:\/\/www.confere.org.br\/wordpress\/wp-json\/wp\/v2\/comments?post=2104"}],"version-history":[{"count":1,"href":"https:\/\/www.confere.org.br\/wordpress\/wp-json\/wp\/v2\/posts\/2104\/revisions"}],"predecessor-version":[{"id":2106,"href":"https:\/\/www.confere.org.br\/wordpress\/wp-json\/wp\/v2\/posts\/2104\/revisions\/2106"}],"wp:featuredmedia":[{"embeddable":true,"href":"https:\/\/www.confere.org.br\/wordpress\/wp-json\/wp\/v2\/media\/2105"}],"wp:attachment":[{"href":"https:\/\/www.confere.org.br\/wordpress\/wp-json\/wp\/v2\/media?parent=2104"}],"wp:term":[{"taxonomy":"category","embeddable":true,"href":"https:\/\/www.confere.org.br\/wordpress\/wp-json\/wp\/v2\/categories?post=2104"},{"taxonomy":"post_tag","embeddable":true,"href":"https:\/\/www.confere.org.br\/wordpress\/wp-json\/wp\/v2\/tags?post=2104"}],"curies":[{"name":"wp","href":"https:\/\/api.w.org\/{rel}","templated":true}]}}