{"id":2108,"date":"2019-12-17T16:40:23","date_gmt":"2019-12-17T18:40:23","guid":{"rendered":"http:\/\/www.confere.org.br\/wordpress\/?p=2108"},"modified":"2019-12-17T16:40:23","modified_gmt":"2019-12-17T18:40:23","slug":"maior-eficiencia-no-mercado-de-credito-e-de-capitais-pode-pressionar-inflacao-para-cima-diz-bc","status":"publish","type":"post","link":"https:\/\/www.confere.org.br\/wordpress\/maior-eficiencia-no-mercado-de-credito-e-de-capitais-pode-pressionar-inflacao-para-cima-diz-bc\/","title":{"rendered":"Maior efici\u00eancia no mercado de cr\u00e9dito e de capitais pode pressionar infla\u00e7\u00e3o para cima, diz BC"},"content":{"rendered":"\n<p>A mensagem veio em ata do Comit\u00ea de Pol\u00edtica Monet\u00e1ria (Copom), na qual o BC destacou que os \u00faltimos dados de atividade econ\u00f4mica e a maior efici\u00eancia do mercado de cr\u00e9dito e capitais podem resultar numa redu\u00e7\u00e3o mais r\u00e1pida da ociosidade na economia.  <\/p>\n\n\n\n<p>Logo em seguida, por\u00e9m, o BC ponderou que a din\u00e2mica dos n\u00facleos de infla\u00e7\u00e3o sinaliza que a ociosidade dos fatores de produ\u00e7\u00e3o ainda \u00e9 elevada, num contraponto que refor\u00e7a que o BC n\u00e3o fechou as portas para uma nova redu\u00e7\u00e3o na Selic, mas que depende de dados que ainda ser\u00e3o observados para seguir por esse caminho. <\/p>\n\n\n\n<p>Na ata, alguns membros do Copom apontaram ainda que &#8220;h\u00e1 evid\u00eancia do come\u00e7o de um processo gradual de desintermedia\u00e7\u00e3o financeira&#8221;. <\/p>\n\n\n\n<p>A novidade veio ap\u00f3s a comunica\u00e7\u00e3o do BC j\u00e1 ter inclu\u00eddo na semana passada que o atual grau de est\u00edmulo monet\u00e1rio, com a Selic em m\u00ednimas nunca antes testadas, atua com defasagens sobre a economia, o que acontece &#8220;em um contexto de transforma\u00e7\u00f5es na intermedia\u00e7\u00e3o financeira&#8221;. <\/p>\n\n\n\n<p>Na \u00faltima quarta-feira, o BC cortou a taxa b\u00e1sica de juros em 0,5 ponto pela quarta vez consecutiva, \u00e0 nova m\u00ednima hist\u00f3rica de 4,50% ao ano, e indicou cautela em rela\u00e7\u00e3o aos juros daqui para frente em meio a uma retomada econ\u00f4mica com mais \u00edmpeto. <\/p>\n\n\n\n<p>Nesta manh\u00e3, o BC repetiu que o atual est\u00e1gio do ciclo econ\u00f4mico recomenda cautela na condu\u00e7\u00e3o da pol\u00edtica monet\u00e1ria. A pr\u00f3xima reuni\u00e3o do Comit\u00ea de Pol\u00edtica Monet\u00e1ria (Copom) acontece em 4 e 5 de fevereiro. <\/p>\n\n\n\n<p>&#8220;O comit\u00ea avaliou que o atual cen\u00e1rio econ\u00f4mico ainda prescreve pol\u00edtica monet\u00e1ria estimulativa, mas manteve o tom de cautela ao n\u00e3o se comprometer com um novo corte na pr\u00f3xima reuni\u00e3o&#8221;, disse o Bradesco em comunicado. <\/p>\n\n\n\n<p>&#8220;Avaliamos que o Copom efetuar\u00e1 um corte adicional na pr\u00f3xima reuni\u00e3o se o cen\u00e1rio base de dissipa\u00e7\u00e3o do choque e de retomada gradual da economia se confirmarem no in\u00edcio do pr\u00f3ximo ano&#8221;, completou. <\/p>\n\n\n\n<p><strong>CARNES<\/strong><\/p>\n\n\n\n<p>Por enquanto, o BC j\u00e1 indicou que v\u00ea uma retomada econ\u00f4mica mais forte em curso, com a economia ganhando tra\u00e7\u00e3o. O recente choque inflacion\u00e1rio nos pre\u00e7os da carne \u00e9 outro fator que atua na dire\u00e7\u00e3o de pressionar o IPCA para cima, o que tamb\u00e9m foi mencionado na ata, mas com a pondera\u00e7\u00e3o de que esse impacto deve ser mais forte para este ano. <\/p>\n\n\n\n<p>&#8220;As proje\u00e7\u00f5es de curto prazo (para a infla\u00e7\u00e3o) foram particularmente afetadas pelos efeitos do choque de pre\u00e7o de prote\u00ednas, que ocorreu de forma mais intensa e prematura do que esperada anteriormente&#8221;, disse o BC, afirmando que o efeito direto deste movimento ser\u00e1 mais concentrado no \u00faltimo bimestre deste ano, afetando portanto as contas para 2019. <\/p>\n\n\n\n<p>&#8220;No \u00e2mbito dos (pre\u00e7os) administrados, menciona-se a presen\u00e7a de condi\u00e7\u00f5es benignas para a ocorr\u00eancia de reajustes menores nas tarifas de energia el\u00e9trica, que j\u00e1 v\u00eam se materializando nos \u00faltimos meses e devem prosseguir nos trimestres seguintes&#8221;, prosseguiu a autoridade monet\u00e1ria, em refer\u00eancia a uma menor press\u00e3o inflacion\u00e1ria nessa frente para 2020. <\/p>\n\n\n\n<p>As proje\u00e7\u00f5es da autoridade monet\u00e1ria pelo cen\u00e1rio de mercado s\u00e3o de um IPCA em 4,0% para 2019, 3,5% em 2020 e 3,4% em 2021, em todos os casos abaixo das metas de infla\u00e7\u00e3o, que s\u00e3o de 4,25%, 4,0% e 3,75%, respectivamente, sempre com margem de 1,5 ponto para mais ou para menos. <\/p>\n\n\n\n<p>No cen\u00e1rio h\u00edbrido, as estimativas do BC s\u00e3o de um IPCA de 4,0% para 2019 e de 3,7% para 2020 e 2021. O c\u00e1lculo encosta na meta, portanto, para 2021. Na ata, o BC avaliou que este cen\u00e1rio &#8212; que considera Selic extra\u00edda da pesquisa Focus e taxa de c\u00e2mbio constante em 4,20 reais &#8212; &#8220;produz infla\u00e7\u00e3o ligeiramente abaixo da meta para 2020 e ao redor da meta para 2021&#8221;. <\/p>\n\n\n\n<p>De olho nesse quadro, economistas ouvidos pelo BC na mais recente pesquisa Focus preveem que haver\u00e1 novo corte na Selic em fevereiro, mas desta vez de 0,25 ponto. Pela mediana das proje\u00e7\u00f5es, a expectativa \u00e9 de que o Copom ent\u00e3o suba os juros no segundo semestre, num ajuste de igual magnitude, levando a taxa b\u00e1sica a fechar o pr\u00f3ximo ano em 4,5%. <\/p>\n\n\n\n<p> Fonte: Reuters <\/p>\n","protected":false},"excerpt":{"rendered":"<p>O Banco Central ponderou nesta ter\u00e7a-feira que a acelera\u00e7\u00e3o do mercado de cr\u00e9dito e de capitais, que vem se dando com redu\u00e7\u00e3o do papel do Estado na concess\u00e3o de empr\u00e9stimos, tende a aumentar a pot\u00eancia da pol\u00edtica monet\u00e1ria e pressionar a infla\u00e7\u00e3o para cima.<\/p>\n","protected":false},"author":3,"featured_media":2109,"comment_status":"closed","ping_status":"open","sticky":false,"template":"","format":"standard","meta":[],"categories":[2],"tags":[],"_links":{"self":[{"href":"https:\/\/www.confere.org.br\/wordpress\/wp-json\/wp\/v2\/posts\/2108"}],"collection":[{"href":"https:\/\/www.confere.org.br\/wordpress\/wp-json\/wp\/v2\/posts"}],"about":[{"href":"https:\/\/www.confere.org.br\/wordpress\/wp-json\/wp\/v2\/types\/post"}],"author":[{"embeddable":true,"href":"https:\/\/www.confere.org.br\/wordpress\/wp-json\/wp\/v2\/users\/3"}],"replies":[{"embeddable":true,"href":"https:\/\/www.confere.org.br\/wordpress\/wp-json\/wp\/v2\/comments?post=2108"}],"version-history":[{"count":1,"href":"https:\/\/www.confere.org.br\/wordpress\/wp-json\/wp\/v2\/posts\/2108\/revisions"}],"predecessor-version":[{"id":2110,"href":"https:\/\/www.confere.org.br\/wordpress\/wp-json\/wp\/v2\/posts\/2108\/revisions\/2110"}],"wp:featuredmedia":[{"embeddable":true,"href":"https:\/\/www.confere.org.br\/wordpress\/wp-json\/wp\/v2\/media\/2109"}],"wp:attachment":[{"href":"https:\/\/www.confere.org.br\/wordpress\/wp-json\/wp\/v2\/media?parent=2108"}],"wp:term":[{"taxonomy":"category","embeddable":true,"href":"https:\/\/www.confere.org.br\/wordpress\/wp-json\/wp\/v2\/categories?post=2108"},{"taxonomy":"post_tag","embeddable":true,"href":"https:\/\/www.confere.org.br\/wordpress\/wp-json\/wp\/v2\/tags?post=2108"}],"curies":[{"name":"wp","href":"https:\/\/api.w.org\/{rel}","templated":true}]}}