{"id":2127,"date":"2019-12-20T15:17:18","date_gmt":"2019-12-20T17:17:18","guid":{"rendered":"http:\/\/www.confere.org.br\/wordpress\/?p=2127"},"modified":"2019-12-20T15:17:18","modified_gmt":"2019-12-20T17:17:18","slug":"carne-sobe-177-e-previa-da-inflacao-e-a-maior-para-dezembro-em-4-anos","status":"publish","type":"post","link":"https:\/\/www.confere.org.br\/wordpress\/carne-sobe-177-e-previa-da-inflacao-e-a-maior-para-dezembro-em-4-anos\/","title":{"rendered":"Carne sobe 17,7%, e &#8216;pr\u00e9via da infla\u00e7\u00e3o&#8217; \u00e9 a maior para dezembro em 4 anos"},"content":{"rendered":"\n<p> A alta do IPCA-15 foi o maior resultado mensal desde junho de 2018, quando o \u00edndice foi de 1,11%, e o maior para o m\u00eas de dezembro desde 2015, quando foi de 1,18%. <\/p>\n\n\n\n<p> No ano, o indicador ficou em 3,91%, acima dos 2,67% registrados nos 12 meses imediatamente anteriores. Em dezembro de 2018, a taxa foi de -0,16%. <\/p>\n\n\n\n<p> Os dados foram divulgados hoje pelo IBGE (Instituto Brasileiro de Geografia e Estat\u00edstica). <\/p>\n\n\n\n<p> <strong>Feij\u00e3o subiu 20,38%; batata caiu<\/strong><\/p>\n\n\n\n<p> As passagens a\u00e9reas encareceram 15,63% na pr\u00e9via da infla\u00e7\u00e3o, ap\u00f3s alta de 4,44% em novembro. O resultado afetou o \u00edndice do setor de transportes, que foi de 0,9%. Tamb\u00e9m contribu\u00edram o aumento de 1,49% na gasolina e de 3,38% no etanol. A alta dos combust\u00edveis acelerou de 1,07% em novembro para 1,76% em dezembro. <\/p>\n\n\n\n<p> <strong>Loteria mais cara<\/strong> <\/p>\n\n\n\n<p>Tamb\u00e9m se destacou o grupo despesas pessoais, cujos pre\u00e7os aceleraram o avan\u00e7o a 1,74% em dezembro, de 0,4% antes. Os jogos de azar, por conta dos reajustes nos pre\u00e7os das apostas lot\u00e9ricas, com vig\u00eancia a partir do dia 10 de novembro, ficaram 36,99% mais caros.<\/p>\n\n\n\n<p>Os artigos de resid\u00eancia foram o \u00fanico grupo a registrar queda de pre\u00e7os na pr\u00e9via da infla\u00e7\u00e3o de dezembro (-0,84%), afetado pela redu\u00e7\u00e3o nos pre\u00e7os dos itens de TV, som e inform\u00e1tica (-2,09%) e mobili\u00e1rio (-1,16%).<\/p>\n\n\n\n<p> <strong>Juros x infla\u00e7\u00e3o<\/strong> <\/p>\n\n\n\n<p>Para tentar controlar a infla\u00e7\u00e3o, o Banco Central pode usar a taxa de juros. De modo geral, quando a infla\u00e7\u00e3o est\u00e1 alta, o BC sobe os juros para reduzir o consumo e estimular a queda de pre\u00e7os. Quando a infla\u00e7\u00e3o est\u00e1 baixa, o BC derruba os juros para impulsionar o consumo. <\/p>\n\n\n\n<p>Na \u00faltima reuni\u00e3o, o Comit\u00ea de Pol\u00edtica Monet\u00e1ria do BC decidiu reduzir taxa b\u00e1sica de juros (Selic) em 0,5 ponto percentual, de 5% para 4,5% ao ano. \u00c9 a menor taxa desde que o Copom foi criado, em 1996. <\/p>\n\n\n\n<p> <strong>Metodologia<\/strong><\/p>\n\n\n\n<p>O IPCA-15 refere-se \u00e0s fam\u00edlias com rendimento de um a 40 sal\u00e1rios m\u00ednimos e abrange as regi\u00f5es metropolitanas do Rio de Janeiro, Porto Alegre, Belo Horizonte, Recife, S\u00e3o Paulo, Bel\u00e9m, Fortaleza, Salvador e Curitiba, al\u00e9m de Bras\u00edlia e Goi\u00e2nia.<\/p>\n\n\n\n<p>A metodologia utilizada \u00e9 a mesma do IPCA, considerada a infla\u00e7\u00e3o oficial; a diferen\u00e7a est\u00e1 no per\u00edodo de coleta dos pre\u00e7os e na abrang\u00eancia geogr\u00e1fica.<br><\/p>\n\n\n\n<p>Fonte: www.uol.com.br<\/p>\n\n\n\n<p><\/p>\n\n\n\n<p><\/p>\n","protected":false},"excerpt":{"rendered":"<p>O IPCA-15 (\u00cdndice Nacional de Pre\u00e7os ao Consumidor &#8211; Amplo 15), considerado uma pr\u00e9via da infla\u00e7\u00e3o oficial (IPCA), variou 1,05% em dezembro, acima da taxa de 0,14% registrada em novembro. O resultado foi puxado pela alta nos pre\u00e7os da carne, que subiram 17,71% em dezembro e tiveram o maior impacto individual sobre o \u00edndice do m\u00eas (0,48 ponto percentual).<\/p>\n","protected":false},"author":3,"featured_media":2128,"comment_status":"closed","ping_status":"open","sticky":false,"template":"","format":"standard","meta":[],"categories":[2],"tags":[],"_links":{"self":[{"href":"https:\/\/www.confere.org.br\/wordpress\/wp-json\/wp\/v2\/posts\/2127"}],"collection":[{"href":"https:\/\/www.confere.org.br\/wordpress\/wp-json\/wp\/v2\/posts"}],"about":[{"href":"https:\/\/www.confere.org.br\/wordpress\/wp-json\/wp\/v2\/types\/post"}],"author":[{"embeddable":true,"href":"https:\/\/www.confere.org.br\/wordpress\/wp-json\/wp\/v2\/users\/3"}],"replies":[{"embeddable":true,"href":"https:\/\/www.confere.org.br\/wordpress\/wp-json\/wp\/v2\/comments?post=2127"}],"version-history":[{"count":1,"href":"https:\/\/www.confere.org.br\/wordpress\/wp-json\/wp\/v2\/posts\/2127\/revisions"}],"predecessor-version":[{"id":2129,"href":"https:\/\/www.confere.org.br\/wordpress\/wp-json\/wp\/v2\/posts\/2127\/revisions\/2129"}],"wp:featuredmedia":[{"embeddable":true,"href":"https:\/\/www.confere.org.br\/wordpress\/wp-json\/wp\/v2\/media\/2128"}],"wp:attachment":[{"href":"https:\/\/www.confere.org.br\/wordpress\/wp-json\/wp\/v2\/media?parent=2127"}],"wp:term":[{"taxonomy":"category","embeddable":true,"href":"https:\/\/www.confere.org.br\/wordpress\/wp-json\/wp\/v2\/categories?post=2127"},{"taxonomy":"post_tag","embeddable":true,"href":"https:\/\/www.confere.org.br\/wordpress\/wp-json\/wp\/v2\/tags?post=2127"}],"curies":[{"name":"wp","href":"https:\/\/api.w.org\/{rel}","templated":true}]}}