{"id":2130,"date":"2019-12-20T17:03:49","date_gmt":"2019-12-20T19:03:49","guid":{"rendered":"http:\/\/www.confere.org.br\/wordpress\/?p=2130"},"modified":"2019-12-20T17:07:38","modified_gmt":"2019-12-20T19:07:38","slug":"cnc-se-posiciona-contra-o-pl-no-5-761-2019","status":"publish","type":"post","link":"https:\/\/www.confere.org.br\/wordpress\/cnc-se-posiciona-contra-o-pl-no-5-761-2019\/","title":{"rendered":"CNC se posiciona contra o PL n\u00ba 5.761\/2019"},"content":{"rendered":"\n<p><em>Sistema Confere\/Cores e CNC trabalhar\u00e3o em conjunto pela rejei\u00e7\u00e3o do PL n\u00ba 5.761\/2019 <\/em>      <\/p>\n\n\n\n<p><\/p>\n\n\n\n<p><br>Representantes do Sistema Confere\/Cores, dirigentes de diversas Federa\u00e7\u00f5es do Com\u00e9rcio e assessores parlamentares da CNC foram recebidos na C\u00e2mara Federal, no gabinete do deputado Kim Kataguiri (DEM-SP), no dia 12 de dezembro, onde apresentaram nota t\u00e9cnica da CNC pela rejei\u00e7\u00e3o do referido projeto por dispor sobre mat\u00e9ria j\u00e1 disciplinada pela Lei n\u00ba 4.886\/65, que regulamentou a atividade de Representa\u00e7\u00e3o Comercial e garantiu os diretos da categoria. <\/p>\n\n\n\n<p><a href=\"https:\/\/confere.org.br\/PDF\/NOTA%20T\u00c9CNICA.pdf\" target=\"_blank\" rel=\"noreferrer noopener\" aria-label=\"Leia na \u00edntegra o documento. (abre numa nova aba)\">Leia na \u00edntegra o documento.<\/a><\/p>\n","protected":false},"excerpt":{"rendered":"<p>A Confedera\u00e7\u00e3o Nacional do Com\u00e9rcio de bens, Servi\u00e7os e Turismo (CNC), em apoio ao Sistema Confere\/Cores e \u00e0 categoria dos representantes comerciais, emitiu Nota T\u00e9cnica se posicionando contra o PL n\u00ba 5.761\/2019.<\/p>\n","protected":false},"author":3,"featured_media":2131,"comment_status":"closed","ping_status":"open","sticky":false,"template":"","format":"standard","meta":[],"categories":[34,49],"tags":[],"_links":{"self":[{"href":"https:\/\/www.confere.org.br\/wordpress\/wp-json\/wp\/v2\/posts\/2130"}],"collection":[{"href":"https:\/\/www.confere.org.br\/wordpress\/wp-json\/wp\/v2\/posts"}],"about":[{"href":"https:\/\/www.confere.org.br\/wordpress\/wp-json\/wp\/v2\/types\/post"}],"author":[{"embeddable":true,"href":"https:\/\/www.confere.org.br\/wordpress\/wp-json\/wp\/v2\/users\/3"}],"replies":[{"embeddable":true,"href":"https:\/\/www.confere.org.br\/wordpress\/wp-json\/wp\/v2\/comments?post=2130"}],"version-history":[{"count":3,"href":"https:\/\/www.confere.org.br\/wordpress\/wp-json\/wp\/v2\/posts\/2130\/revisions"}],"predecessor-version":[{"id":2135,"href":"https:\/\/www.confere.org.br\/wordpress\/wp-json\/wp\/v2\/posts\/2130\/revisions\/2135"}],"wp:featuredmedia":[{"embeddable":true,"href":"https:\/\/www.confere.org.br\/wordpress\/wp-json\/wp\/v2\/media\/2131"}],"wp:attachment":[{"href":"https:\/\/www.confere.org.br\/wordpress\/wp-json\/wp\/v2\/media?parent=2130"}],"wp:term":[{"taxonomy":"category","embeddable":true,"href":"https:\/\/www.confere.org.br\/wordpress\/wp-json\/wp\/v2\/categories?post=2130"},{"taxonomy":"post_tag","embeddable":true,"href":"https:\/\/www.confere.org.br\/wordpress\/wp-json\/wp\/v2\/tags?post=2130"}],"curies":[{"name":"wp","href":"https:\/\/api.w.org\/{rel}","templated":true}]}}